{"id":11796,"date":"2025-02-09T21:45:22","date_gmt":"2025-02-09T20:45:22","guid":{"rendered":"https:\/\/wgphoto.pl\/t\/?p=11796"},"modified":"2025-02-09T21:45:22","modified_gmt":"2025-02-09T20:45:22","slug":"horni-lipova","status":"publish","type":"post","link":"https:\/\/wgphoto.pl\/t\/?p=11796","title":{"rendered":"Horn\u00ed Lipov\u00e1"},"content":{"rendered":"\n<figure class=\"wp-block-image aligncenter size-full\"><img loading=\"lazy\" decoding=\"async\" width=\"1300\" height=\"870\" src=\"https:\/\/wgphoto.pl\/t\/wp-content\/uploads\/2025\/02\/imgp0476.jpg\" alt=\"\" class=\"wp-image-11797\" srcset=\"https:\/\/wgphoto.pl\/t\/wp-content\/uploads\/2025\/02\/imgp0476.jpg 1300w, https:\/\/wgphoto.pl\/t\/wp-content\/uploads\/2025\/02\/imgp0476-300x201.jpg 300w, https:\/\/wgphoto.pl\/t\/wp-content\/uploads\/2025\/02\/imgp0476-768x514.jpg 768w\" sizes=\"auto, (max-width: 1300px) 100vw, 1300px\" \/><\/figure>\n\n\n\n<div class=\"wp-block-group has-global-padding is-layout-constrained wp-block-group-is-layout-constrained\">\n<p>749 246-5 z poc. posp. 909 &#8222;Prad\u011bd&#8221; z Brna hl.n. do Jesen\u00edka opuszcza Horn\u00ed Lipov\u0105. 2009-10-27<\/p>\n<\/div>\n","protected":false},"excerpt":{"rendered":"<p>749 246-5 z poc. posp. 909 &#8222;Prad\u011bd&#8221; z Brna hl.n. do Jesen\u00edka opuszcza Horn\u00ed Lipov\u0105. 2009-10-27<\/p>\n","protected":false},"author":1,"featured_media":11797,"comment_status":"open","ping_status":"","sticky":false,"template":"","format":"standard","meta":{"footnotes":""},"categories":[2,169],"tags":[1979,1058,50,49,114,2220,126,167],"class_list":["post-11796","post","type-post","status-publish","format-standard","has-post-thumbnail","hentry","category-kolej","category-rok-2009","tag-2009-10-27","tag-1058","tag-cd","tag-czechy","tag-gory","tag-horni-lipova","tag-jesien","tag-tab-cz292"],"_links":{"self":[{"href":"https:\/\/wgphoto.pl\/t\/index.php?rest_route=\/wp\/v2\/posts\/11796","targetHints":{"allow":["GET"]}}],"collection":[{"href":"https:\/\/wgphoto.pl\/t\/index.php?rest_route=\/wp\/v2\/posts"}],"about":[{"href":"https:\/\/wgphoto.pl\/t\/index.php?rest_route=\/wp\/v2\/types\/post"}],"author":[{"embeddable":true,"href":"https:\/\/wgphoto.pl\/t\/index.php?rest_route=\/wp\/v2\/users\/1"}],"replies":[{"embeddable":true,"href":"https:\/\/wgphoto.pl\/t\/index.php?rest_route=%2Fwp%2Fv2%2Fcomments&post=11796"}],"version-history":[{"count":1,"href":"https:\/\/wgphoto.pl\/t\/index.php?rest_route=\/wp\/v2\/posts\/11796\/revisions"}],"predecessor-version":[{"id":11798,"href":"https:\/\/wgphoto.pl\/t\/index.php?rest_route=\/wp\/v2\/posts\/11796\/revisions\/11798"}],"wp:featuredmedia":[{"embeddable":true,"href":"https:\/\/wgphoto.pl\/t\/index.php?rest_route=\/wp\/v2\/media\/11797"}],"wp:attachment":[{"href":"https:\/\/wgphoto.pl\/t\/index.php?rest_route=%2Fwp%2Fv2%2Fmedia&parent=11796"}],"wp:term":[{"taxonomy":"category","embeddable":true,"href":"https:\/\/wgphoto.pl\/t\/index.php?rest_route=%2Fwp%2Fv2%2Fcategories&post=11796"},{"taxonomy":"post_tag","embeddable":true,"href":"https:\/\/wgphoto.pl\/t\/index.php?rest_route=%2Fwp%2Fv2%2Ftags&post=11796"}],"curies":[{"name":"wp","href":"https:\/\/api.w.org\/{rel}","templated":true}]}}