{"id":11799,"date":"2025-02-09T21:46:21","date_gmt":"2025-02-09T20:46:21","guid":{"rendered":"https:\/\/wgphoto.pl\/t\/?p=11799"},"modified":"2025-02-09T21:46:21","modified_gmt":"2025-02-09T20:46:21","slug":"jindrichov-na-morave","status":"publish","type":"post","link":"https:\/\/wgphoto.pl\/t\/?p=11799","title":{"rendered":"Jind\u0159ichov na Morav\u011b"},"content":{"rendered":"\n<figure class=\"wp-block-image aligncenter size-full\"><img loading=\"lazy\" decoding=\"async\" width=\"900\" height=\"599\" src=\"https:\/\/wgphoto.pl\/t\/wp-content\/uploads\/2025\/02\/imgp0518.jpg\" alt=\"\" class=\"wp-image-11800\" srcset=\"https:\/\/wgphoto.pl\/t\/wp-content\/uploads\/2025\/02\/imgp0518.jpg 900w, https:\/\/wgphoto.pl\/t\/wp-content\/uploads\/2025\/02\/imgp0518-300x200.jpg 300w, https:\/\/wgphoto.pl\/t\/wp-content\/uploads\/2025\/02\/imgp0518-768x511.jpg 768w\" sizes=\"auto, (max-width: 900px) 100vw, 900px\" \/><\/figure>\n\n\n\n<div class=\"wp-block-group has-global-padding is-layout-constrained wp-block-group-is-layout-constrained\">\n<p>831 110-2 jako poc. osob. 3613 z \u0160umperka do Mikulovic odje\u017cd\u017ca z Jind\u0159ichova na Morav\u011b. Uwag\u0119 przykuwa scenka rodzajowa rozgrywaj\u0105ca si\u0119 na peronie, z dy\u017curn\u0105 ruchu rozmawiaj\u0105c\u0105 z dzieckiem &#8211; by\u0107 mo\u017ce swoim, kt\u00f3re przyjecha\u0142o w\u0142a\u015bnie z miasta, ze szko\u0142y &#8211; zamiast, jak to ma w zwyczaju wielu czeskich dy\u017curnych, sta\u0107 na baczno\u015b\u0107 obserwuj\u0105c poci\u0105g wyprawiony w\u0142a\u015bnie na szlak. 2009-10-27<\/p>\n<\/div>\n","protected":false},"excerpt":{"rendered":"<p>831 110-2 jako poc. osob. 3613 z \u0160umperka do Mikulovic odje\u017cd\u017ca z Jind\u0159ichova na Morav\u011b. Uwag\u0119 przykuwa scenka rodzajowa rozgrywaj\u0105ca si\u0119 na peronie, z dy\u017curn\u0105 ruchu rozmawiaj\u0105c\u0105 z dzieckiem &#8211; by\u0107 mo\u017ce swoim, kt\u00f3re przyjecha\u0142o w\u0142a\u015bnie z miasta, ze szko\u0142y &#8211; zamiast, jak to ma w zwyczaju wielu czeskich dy\u017curnych, sta\u0107 na baczno\u015b\u0107 obserwuj\u0105c poci\u0105g [&hellip;]<\/p>\n","protected":false},"author":1,"featured_media":11800,"comment_status":"open","ping_status":"","sticky":false,"template":"","format":"standard","meta":{"footnotes":""},"categories":[2,169],"tags":[1979,2377,50,49,313,126,2258,173,167],"class_list":["post-11799","post","type-post","status-publish","format-standard","has-post-thumbnail","hentry","category-kolej","category-rok-2009","tag-2009-10-27","tag-2377","tag-cd","tag-czechy","tag-dyzurny","tag-jesien","tag-jindrichov-na-morave","tag-koncowki","tag-tab-cz292"],"_links":{"self":[{"href":"https:\/\/wgphoto.pl\/t\/index.php?rest_route=\/wp\/v2\/posts\/11799","targetHints":{"allow":["GET"]}}],"collection":[{"href":"https:\/\/wgphoto.pl\/t\/index.php?rest_route=\/wp\/v2\/posts"}],"about":[{"href":"https:\/\/wgphoto.pl\/t\/index.php?rest_route=\/wp\/v2\/types\/post"}],"author":[{"embeddable":true,"href":"https:\/\/wgphoto.pl\/t\/index.php?rest_route=\/wp\/v2\/users\/1"}],"replies":[{"embeddable":true,"href":"https:\/\/wgphoto.pl\/t\/index.php?rest_route=%2Fwp%2Fv2%2Fcomments&post=11799"}],"version-history":[{"count":1,"href":"https:\/\/wgphoto.pl\/t\/index.php?rest_route=\/wp\/v2\/posts\/11799\/revisions"}],"predecessor-version":[{"id":11801,"href":"https:\/\/wgphoto.pl\/t\/index.php?rest_route=\/wp\/v2\/posts\/11799\/revisions\/11801"}],"wp:featuredmedia":[{"embeddable":true,"href":"https:\/\/wgphoto.pl\/t\/index.php?rest_route=\/wp\/v2\/media\/11800"}],"wp:attachment":[{"href":"https:\/\/wgphoto.pl\/t\/index.php?rest_route=%2Fwp%2Fv2%2Fmedia&parent=11799"}],"wp:term":[{"taxonomy":"category","embeddable":true,"href":"https:\/\/wgphoto.pl\/t\/index.php?rest_route=%2Fwp%2Fv2%2Fcategories&post=11799"},{"taxonomy":"post_tag","embeddable":true,"href":"https:\/\/wgphoto.pl\/t\/index.php?rest_route=%2Fwp%2Fv2%2Ftags&post=11799"}],"curies":[{"name":"wp","href":"https:\/\/api.w.org\/{rel}","templated":true}]}}