{"id":11802,"date":"2025-02-09T21:47:16","date_gmt":"2025-02-09T20:47:16","guid":{"rendered":"https:\/\/wgphoto.pl\/t\/?p=11802"},"modified":"2025-02-09T21:47:16","modified_gmt":"2025-02-09T20:47:16","slug":"horni-lipova-2","status":"publish","type":"post","link":"https:\/\/wgphoto.pl\/t\/?p=11802","title":{"rendered":"Horn\u00ed Lipov\u00e1"},"content":{"rendered":"\n<figure class=\"wp-block-image aligncenter size-full\"><img loading=\"lazy\" decoding=\"async\" width=\"901\" height=\"600\" src=\"https:\/\/wgphoto.pl\/t\/wp-content\/uploads\/2025\/02\/imgp0485.jpg\" alt=\"\" class=\"wp-image-11803\" srcset=\"https:\/\/wgphoto.pl\/t\/wp-content\/uploads\/2025\/02\/imgp0485.jpg 901w, https:\/\/wgphoto.pl\/t\/wp-content\/uploads\/2025\/02\/imgp0485-300x200.jpg 300w, https:\/\/wgphoto.pl\/t\/wp-content\/uploads\/2025\/02\/imgp0485-768x511.jpg 768w\" sizes=\"auto, (max-width: 901px) 100vw, 901px\" \/><\/figure>\n\n\n\n<div class=\"wp-block-group has-global-padding is-layout-constrained wp-block-group-is-layout-constrained\">\n<p>831 110-2 jako poc. osob. 3610 rel. Jesen\u00edk &#8211; \u0160umperk min\u0105\u0142 semafor wjazdowy do stacji Horn\u00ed Lipov\u00e1. 2009-10-27<\/p>\n<\/div>\n","protected":false},"excerpt":{"rendered":"<p>831 110-2 jako poc. osob. 3610 rel. Jesen\u00edk &#8211; \u0160umperk min\u0105\u0142 semafor wjazdowy do stacji Horn\u00ed Lipov\u00e1. 2009-10-27<\/p>\n","protected":false},"author":1,"featured_media":11803,"comment_status":"open","ping_status":"","sticky":false,"template":"","format":"standard","meta":{"footnotes":""},"categories":[2,169],"tags":[1979,2377,50,49,114,2220,126,167],"class_list":["post-11802","post","type-post","status-publish","format-standard","has-post-thumbnail","hentry","category-kolej","category-rok-2009","tag-2009-10-27","tag-2377","tag-cd","tag-czechy","tag-gory","tag-horni-lipova","tag-jesien","tag-tab-cz292"],"_links":{"self":[{"href":"https:\/\/wgphoto.pl\/t\/index.php?rest_route=\/wp\/v2\/posts\/11802","targetHints":{"allow":["GET"]}}],"collection":[{"href":"https:\/\/wgphoto.pl\/t\/index.php?rest_route=\/wp\/v2\/posts"}],"about":[{"href":"https:\/\/wgphoto.pl\/t\/index.php?rest_route=\/wp\/v2\/types\/post"}],"author":[{"embeddable":true,"href":"https:\/\/wgphoto.pl\/t\/index.php?rest_route=\/wp\/v2\/users\/1"}],"replies":[{"embeddable":true,"href":"https:\/\/wgphoto.pl\/t\/index.php?rest_route=%2Fwp%2Fv2%2Fcomments&post=11802"}],"version-history":[{"count":1,"href":"https:\/\/wgphoto.pl\/t\/index.php?rest_route=\/wp\/v2\/posts\/11802\/revisions"}],"predecessor-version":[{"id":11804,"href":"https:\/\/wgphoto.pl\/t\/index.php?rest_route=\/wp\/v2\/posts\/11802\/revisions\/11804"}],"wp:featuredmedia":[{"embeddable":true,"href":"https:\/\/wgphoto.pl\/t\/index.php?rest_route=\/wp\/v2\/media\/11803"}],"wp:attachment":[{"href":"https:\/\/wgphoto.pl\/t\/index.php?rest_route=%2Fwp%2Fv2%2Fmedia&parent=11802"}],"wp:term":[{"taxonomy":"category","embeddable":true,"href":"https:\/\/wgphoto.pl\/t\/index.php?rest_route=%2Fwp%2Fv2%2Fcategories&post=11802"},{"taxonomy":"post_tag","embeddable":true,"href":"https:\/\/wgphoto.pl\/t\/index.php?rest_route=%2Fwp%2Fv2%2Ftags&post=11802"}],"curies":[{"name":"wp","href":"https:\/\/api.w.org\/{rel}","templated":true}]}}