{"id":11808,"date":"2025-02-09T21:49:17","date_gmt":"2025-02-09T20:49:17","guid":{"rendered":"https:\/\/wgphoto.pl\/t\/?p=11808"},"modified":"2025-02-09T21:49:17","modified_gmt":"2025-02-09T20:49:17","slug":"branna-z-budynkiem","status":"publish","type":"post","link":"https:\/\/wgphoto.pl\/t\/?p=11808","title":{"rendered":"Brann\u00e1 z budynkiem"},"content":{"rendered":"\n<figure class=\"wp-block-image aligncenter size-full\"><img loading=\"lazy\" decoding=\"async\" width=\"1300\" height=\"870\" src=\"https:\/\/wgphoto.pl\/t\/wp-content\/uploads\/2025\/02\/imgp0503-09.jpg\" alt=\"\" class=\"wp-image-11809\" srcset=\"https:\/\/wgphoto.pl\/t\/wp-content\/uploads\/2025\/02\/imgp0503-09.jpg 1300w, https:\/\/wgphoto.pl\/t\/wp-content\/uploads\/2025\/02\/imgp0503-09-300x201.jpg 300w, https:\/\/wgphoto.pl\/t\/wp-content\/uploads\/2025\/02\/imgp0503-09-768x514.jpg 768w\" sizes=\"auto, (max-width: 1300px) 100vw, 1300px\" \/><\/figure>\n\n\n\n<div class=\"wp-block-group has-global-padding is-layout-constrained wp-block-group-is-layout-constrained\">\n<p>Brann\u00e1. 50-letni wagon motorowy 831 229-0 w ostatnich miesi\u0105cah s\u0142u\u017cby pojazd\u00f3w tej serii na sieci \u010cD za chwil\u0119 odjedzie ze stacji pocz\u0105tkowej jako poci\u0105g osobowy 3658 do \u0160umperka. Od rozk\u0142adu jazdy 2009\/2010 seri\u0119 831 zast\u0105pi\u0142y wagony motorowe 851, r\u00f3wnie\u017c wiekowe i tak\u017ce ju\u017c obecnie wycofane z ruchu. 2009-10-27<\/p>\n<\/div>\n","protected":false},"excerpt":{"rendered":"<p>Brann\u00e1. 50-letni wagon motorowy 831 229-0 w ostatnich miesi\u0105cah s\u0142u\u017cby pojazd\u00f3w tej serii na sieci \u010cD za chwil\u0119 odjedzie ze stacji pocz\u0105tkowej jako poci\u0105g osobowy 3658 do \u0160umperka. Od rozk\u0142adu jazdy 2009\/2010 seri\u0119 831 zast\u0105pi\u0142y wagony motorowe 851, r\u00f3wnie\u017c wiekowe i tak\u017ce ju\u017c obecnie wycofane z ruchu. 2009-10-27<\/p>\n","protected":false},"author":1,"featured_media":11809,"comment_status":"open","ping_status":"","sticky":false,"template":"","format":"standard","meta":{"footnotes":""},"categories":[2,169],"tags":[1979,2377,2250,50,49,126,167],"class_list":["post-11808","post","type-post","status-publish","format-standard","has-post-thumbnail","hentry","category-kolej","category-rok-2009","tag-2009-10-27","tag-2377","tag-branna","tag-cd","tag-czechy","tag-jesien","tag-tab-cz292"],"_links":{"self":[{"href":"https:\/\/wgphoto.pl\/t\/index.php?rest_route=\/wp\/v2\/posts\/11808","targetHints":{"allow":["GET"]}}],"collection":[{"href":"https:\/\/wgphoto.pl\/t\/index.php?rest_route=\/wp\/v2\/posts"}],"about":[{"href":"https:\/\/wgphoto.pl\/t\/index.php?rest_route=\/wp\/v2\/types\/post"}],"author":[{"embeddable":true,"href":"https:\/\/wgphoto.pl\/t\/index.php?rest_route=\/wp\/v2\/users\/1"}],"replies":[{"embeddable":true,"href":"https:\/\/wgphoto.pl\/t\/index.php?rest_route=%2Fwp%2Fv2%2Fcomments&post=11808"}],"version-history":[{"count":1,"href":"https:\/\/wgphoto.pl\/t\/index.php?rest_route=\/wp\/v2\/posts\/11808\/revisions"}],"predecessor-version":[{"id":11810,"href":"https:\/\/wgphoto.pl\/t\/index.php?rest_route=\/wp\/v2\/posts\/11808\/revisions\/11810"}],"wp:featuredmedia":[{"embeddable":true,"href":"https:\/\/wgphoto.pl\/t\/index.php?rest_route=\/wp\/v2\/media\/11809"}],"wp:attachment":[{"href":"https:\/\/wgphoto.pl\/t\/index.php?rest_route=%2Fwp%2Fv2%2Fmedia&parent=11808"}],"wp:term":[{"taxonomy":"category","embeddable":true,"href":"https:\/\/wgphoto.pl\/t\/index.php?rest_route=%2Fwp%2Fv2%2Fcategories&post=11808"},{"taxonomy":"post_tag","embeddable":true,"href":"https:\/\/wgphoto.pl\/t\/index.php?rest_route=%2Fwp%2Fv2%2Ftags&post=11808"}],"curies":[{"name":"wp","href":"https:\/\/api.w.org\/{rel}","templated":true}]}}