{"id":11811,"date":"2025-02-09T21:51:17","date_gmt":"2025-02-09T20:51:17","guid":{"rendered":"https:\/\/wgphoto.pl\/t\/?p=11811"},"modified":"2025-02-09T21:51:17","modified_gmt":"2025-02-09T20:51:17","slug":"spicak-pochmurny","status":"publish","type":"post","link":"https:\/\/wgphoto.pl\/t\/?p=11811","title":{"rendered":"\u0160pi\u010d\u00e1k pochmurny"},"content":{"rendered":"\n<figure class=\"wp-block-image aligncenter size-full\"><img loading=\"lazy\" decoding=\"async\" width=\"900\" height=\"599\" src=\"https:\/\/wgphoto.pl\/t\/wp-content\/uploads\/2025\/02\/imgp0332.jpg\" alt=\"\" class=\"wp-image-11812\" srcset=\"https:\/\/wgphoto.pl\/t\/wp-content\/uploads\/2025\/02\/imgp0332.jpg 900w, https:\/\/wgphoto.pl\/t\/wp-content\/uploads\/2025\/02\/imgp0332-300x200.jpg 300w, https:\/\/wgphoto.pl\/t\/wp-content\/uploads\/2025\/02\/imgp0332-768x511.jpg 768w\" sizes=\"auto, (max-width: 900px) 100vw, 900px\" \/><\/figure>\n\n\n\n<div class=\"wp-block-group has-global-padding is-layout-constrained wp-block-group-is-layout-constrained\">\n<p>842 007-7 z doczep\u0105 serii Btx761 jako poc. 38242\/38160 rel. Klatovy &#8211; \u017delezn\u00e1 Ruda-Al\u017eb\u011bt\u00edn (formalnie relacja jest tutaj dzielona, co wynika z r\u00f3\u017cnych wariant\u00f3w kursowania w (D) i (C)) odbywa 15-minutowy post\u00f3j na stacji \u0160pi\u010d\u00e1k w oczekiwaniu na doj\u015bcie do Al\u017eb\u011bt\u00edna mi\u0119dzynarodowego poci\u0105gu osobowego ze \u0160pi\u010d\u00e1ku do Plattling, z kt\u00f3rym sk\u0142ad widoczny na zdj\u0119ciu przed chwil\u0105 si\u0119 skomunikowa\u0142. Jedyne wyt\u0142umaczenie dublowania kurs\u00f3w na tym 7-kilometrowym odcinku jakie przychodzi mi do g\u0142owy wskazuje na po\u0142o\u017cenie &#8222;centrum&#8221; \u017delezn\u00e9 Rudy w\u0142a\u015bnie na tym fragmencie, obie za\u015b kra\u0144cowe stacje szlaku le\u017c\u0105 &#8222;nigdzie&#8221;. 2011-04-14<\/p>\n<\/div>\n","protected":false},"excerpt":{"rendered":"<p>842 007-7 z doczep\u0105 serii Btx761 jako poc. 38242\/38160 rel. Klatovy &#8211; \u017delezn\u00e1 Ruda-Al\u017eb\u011bt\u00edn (formalnie relacja jest tutaj dzielona, co wynika z r\u00f3\u017cnych wariant\u00f3w kursowania w (D) i (C)) odbywa 15-minutowy post\u00f3j na stacji \u0160pi\u010d\u00e1k w oczekiwaniu na doj\u015bcie do Al\u017eb\u011bt\u00edna mi\u0119dzynarodowego poci\u0105gu osobowego ze \u0160pi\u010d\u00e1ku do Plattling, z kt\u00f3rym sk\u0142ad widoczny na zdj\u0119ciu przed [&hellip;]<\/p>\n","protected":false},"author":1,"featured_media":11812,"comment_status":"open","ping_status":"","sticky":false,"template":"","format":"standard","meta":{"footnotes":""},"categories":[2,77],"tags":[456,525,50,49,44,523,522],"class_list":["post-11811","post","type-post","status-publish","format-standard","has-post-thumbnail","hentry","category-kolej","category-rok-2011","tag-2011-04-14","tag-525","tag-cd","tag-czechy","tag-snieg","tag-spicak","tag-tab-cz183"],"_links":{"self":[{"href":"https:\/\/wgphoto.pl\/t\/index.php?rest_route=\/wp\/v2\/posts\/11811","targetHints":{"allow":["GET"]}}],"collection":[{"href":"https:\/\/wgphoto.pl\/t\/index.php?rest_route=\/wp\/v2\/posts"}],"about":[{"href":"https:\/\/wgphoto.pl\/t\/index.php?rest_route=\/wp\/v2\/types\/post"}],"author":[{"embeddable":true,"href":"https:\/\/wgphoto.pl\/t\/index.php?rest_route=\/wp\/v2\/users\/1"}],"replies":[{"embeddable":true,"href":"https:\/\/wgphoto.pl\/t\/index.php?rest_route=%2Fwp%2Fv2%2Fcomments&post=11811"}],"version-history":[{"count":1,"href":"https:\/\/wgphoto.pl\/t\/index.php?rest_route=\/wp\/v2\/posts\/11811\/revisions"}],"predecessor-version":[{"id":11813,"href":"https:\/\/wgphoto.pl\/t\/index.php?rest_route=\/wp\/v2\/posts\/11811\/revisions\/11813"}],"wp:featuredmedia":[{"embeddable":true,"href":"https:\/\/wgphoto.pl\/t\/index.php?rest_route=\/wp\/v2\/media\/11812"}],"wp:attachment":[{"href":"https:\/\/wgphoto.pl\/t\/index.php?rest_route=%2Fwp%2Fv2%2Fmedia&parent=11811"}],"wp:term":[{"taxonomy":"category","embeddable":true,"href":"https:\/\/wgphoto.pl\/t\/index.php?rest_route=%2Fwp%2Fv2%2Fcategories&post=11811"},{"taxonomy":"post_tag","embeddable":true,"href":"https:\/\/wgphoto.pl\/t\/index.php?rest_route=%2Fwp%2Fv2%2Ftags&post=11811"}],"curies":[{"name":"wp","href":"https:\/\/api.w.org\/{rel}","templated":true}]}}