{"id":11820,"date":"2025-02-09T21:55:31","date_gmt":"2025-02-09T20:55:31","guid":{"rendered":"https:\/\/wgphoto.pl\/t\/?p=11820"},"modified":"2025-02-09T21:55:31","modified_gmt":"2025-02-09T20:55:31","slug":"754-024-8-z-kwietniowym-sniegiem","status":"publish","type":"post","link":"https:\/\/wgphoto.pl\/t\/?p=11820","title":{"rendered":"754 024-8 z kwietniowym \u015bniegiem"},"content":{"rendered":"\n<figure class=\"wp-block-image aligncenter size-full\"><img loading=\"lazy\" decoding=\"async\" width=\"1200\" height=\"803\" src=\"https:\/\/wgphoto.pl\/t\/wp-content\/uploads\/2025\/02\/imgp0361.jpg\" alt=\"\" class=\"wp-image-11821\" srcset=\"https:\/\/wgphoto.pl\/t\/wp-content\/uploads\/2025\/02\/imgp0361.jpg 1200w, https:\/\/wgphoto.pl\/t\/wp-content\/uploads\/2025\/02\/imgp0361-300x201.jpg 300w, https:\/\/wgphoto.pl\/t\/wp-content\/uploads\/2025\/02\/imgp0361-768x514.jpg 768w\" sizes=\"auto, (max-width: 1200px) 100vw, 1200px\" \/><\/figure>\n\n\n\n<div class=\"wp-block-group has-global-padding is-layout-constrained wp-block-group-is-layout-constrained\">\n<p>Odcinek Hojsov\u00e1\u00a0Str\u00e1\u017e-Br\u010d\u00e1ln\u00edk &#8211; \u0160pi\u010d\u00e1k. Nurek 754.024-8 prowadz\u0105c poci\u0105g pospieszny 38118 rel. Dob\u0159any &#8211; \u017delezn\u00e1\u00a0Ruda-Al\u017eb\u011bt\u00edn (skr\u00f3cona relacja rychlika z Pragi z powodu v\u00fdluky na odc. Plze\u0148-Valcha &#8211; Dob\u0159any) za chwil\u0119 wjedzie do licz\u0105cego 1747 metr\u00f3w d\u0142ugo\u015bci \u0160pi\u010d\u00e1ck\u00e9ho tunelu. 2011-04-14<\/p>\n<\/div>\n","protected":false},"excerpt":{"rendered":"<p>Odcinek Hojsov\u00e1\u00a0Str\u00e1\u017e-Br\u010d\u00e1ln\u00edk &#8211; \u0160pi\u010d\u00e1k. Nurek 754.024-8 prowadz\u0105c poci\u0105g pospieszny 38118 rel. Dob\u0159any &#8211; \u017delezn\u00e1\u00a0Ruda-Al\u017eb\u011bt\u00edn (skr\u00f3cona relacja rychlika z Pragi z powodu v\u00fdluky na odc. Plze\u0148-Valcha &#8211; Dob\u0159any) za chwil\u0119 wjedzie do licz\u0105cego 1747 metr\u00f3w d\u0142ugo\u015bci \u0160pi\u010d\u00e1ck\u00e9ho tunelu. 2011-04-14<\/p>\n","protected":false},"author":1,"featured_media":11821,"comment_status":"open","ping_status":"","sticky":false,"template":"","format":"standard","meta":{"footnotes":""},"categories":[2,77],"tags":[456,335,50,49,524,44,523,522],"class_list":["post-11820","post","type-post","status-publish","format-standard","has-post-thumbnail","hentry","category-kolej","category-rok-2011","tag-2011-04-14","tag-335","tag-cd","tag-czechy","tag-hojsova-straz-brcalnik","tag-snieg","tag-spicak","tag-tab-cz183"],"_links":{"self":[{"href":"https:\/\/wgphoto.pl\/t\/index.php?rest_route=\/wp\/v2\/posts\/11820","targetHints":{"allow":["GET"]}}],"collection":[{"href":"https:\/\/wgphoto.pl\/t\/index.php?rest_route=\/wp\/v2\/posts"}],"about":[{"href":"https:\/\/wgphoto.pl\/t\/index.php?rest_route=\/wp\/v2\/types\/post"}],"author":[{"embeddable":true,"href":"https:\/\/wgphoto.pl\/t\/index.php?rest_route=\/wp\/v2\/users\/1"}],"replies":[{"embeddable":true,"href":"https:\/\/wgphoto.pl\/t\/index.php?rest_route=%2Fwp%2Fv2%2Fcomments&post=11820"}],"version-history":[{"count":1,"href":"https:\/\/wgphoto.pl\/t\/index.php?rest_route=\/wp\/v2\/posts\/11820\/revisions"}],"predecessor-version":[{"id":11822,"href":"https:\/\/wgphoto.pl\/t\/index.php?rest_route=\/wp\/v2\/posts\/11820\/revisions\/11822"}],"wp:featuredmedia":[{"embeddable":true,"href":"https:\/\/wgphoto.pl\/t\/index.php?rest_route=\/wp\/v2\/media\/11821"}],"wp:attachment":[{"href":"https:\/\/wgphoto.pl\/t\/index.php?rest_route=%2Fwp%2Fv2%2Fmedia&parent=11820"}],"wp:term":[{"taxonomy":"category","embeddable":true,"href":"https:\/\/wgphoto.pl\/t\/index.php?rest_route=%2Fwp%2Fv2%2Fcategories&post=11820"},{"taxonomy":"post_tag","embeddable":true,"href":"https:\/\/wgphoto.pl\/t\/index.php?rest_route=%2Fwp%2Fv2%2Ftags&post=11820"}],"curies":[{"name":"wp","href":"https:\/\/api.w.org\/{rel}","templated":true}]}}