{"id":11838,"date":"2025-02-09T23:05:21","date_gmt":"2025-02-09T22:05:21","guid":{"rendered":"https:\/\/wgphoto.pl\/t\/?p=11838"},"modified":"2025-02-09T23:05:21","modified_gmt":"2025-02-09T22:05:21","slug":"e1-nr-4739","status":"publish","type":"post","link":"https:\/\/wgphoto.pl\/t\/?p=11838","title":{"rendered":"E1 nr 4739"},"content":{"rendered":"\n<figure class=\"wp-block-image aligncenter size-full\"><img loading=\"lazy\" decoding=\"async\" width=\"1300\" height=\"870\" src=\"https:\/\/wgphoto.pl\/t\/wp-content\/uploads\/2025\/02\/imgp8223-12.jpg\" alt=\"\" class=\"wp-image-11839\" srcset=\"https:\/\/wgphoto.pl\/t\/wp-content\/uploads\/2025\/02\/imgp8223-12.jpg 1300w, https:\/\/wgphoto.pl\/t\/wp-content\/uploads\/2025\/02\/imgp8223-12-300x201.jpg 300w, https:\/\/wgphoto.pl\/t\/wp-content\/uploads\/2025\/02\/imgp8223-12-768x514.jpg 768w\" sizes=\"auto, (max-width: 1300px) 100vw, 1300px\" \/><\/figure>\n\n\n\n<div class=\"wp-block-group has-global-padding is-layout-constrained wp-block-group-is-layout-constrained\">\n<p>Tramwaj linii 9 doje\u017cd\u017ca do szczytu Panikengasse, sk\u0105d ponad kamienicami zaczyna by\u0107 widoczny szczyt Leopoldsberg (425 m n.p.m.). 2012-05-26<\/p>\n<\/div>\n","protected":false},"excerpt":{"rendered":"<p>Tramwaj linii 9 doje\u017cd\u017ca do szczytu Panikengasse, sk\u0105d ponad kamienicami zaczyna by\u0107 widoczny szczyt Leopoldsberg (425 m n.p.m.). 2012-05-26<\/p>\n","protected":false},"author":1,"featured_media":11839,"comment_status":"open","ping_status":"","sticky":false,"template":"","format":"standard","meta":{"footnotes":""},"categories":[46,3],"tags":[2192,9,102,101,97,98],"class_list":["post-11838","post","type-post","status-publish","format-standard","has-post-thumbnail","hentry","category-rok-2012","category-tramwaj","tag-2012-05-26","tag-austria","tag-e1","tag-gt6","tag-wieden","tag-wiener-linien"],"_links":{"self":[{"href":"https:\/\/wgphoto.pl\/t\/index.php?rest_route=\/wp\/v2\/posts\/11838","targetHints":{"allow":["GET"]}}],"collection":[{"href":"https:\/\/wgphoto.pl\/t\/index.php?rest_route=\/wp\/v2\/posts"}],"about":[{"href":"https:\/\/wgphoto.pl\/t\/index.php?rest_route=\/wp\/v2\/types\/post"}],"author":[{"embeddable":true,"href":"https:\/\/wgphoto.pl\/t\/index.php?rest_route=\/wp\/v2\/users\/1"}],"replies":[{"embeddable":true,"href":"https:\/\/wgphoto.pl\/t\/index.php?rest_route=%2Fwp%2Fv2%2Fcomments&post=11838"}],"version-history":[{"count":1,"href":"https:\/\/wgphoto.pl\/t\/index.php?rest_route=\/wp\/v2\/posts\/11838\/revisions"}],"predecessor-version":[{"id":11840,"href":"https:\/\/wgphoto.pl\/t\/index.php?rest_route=\/wp\/v2\/posts\/11838\/revisions\/11840"}],"wp:featuredmedia":[{"embeddable":true,"href":"https:\/\/wgphoto.pl\/t\/index.php?rest_route=\/wp\/v2\/media\/11839"}],"wp:attachment":[{"href":"https:\/\/wgphoto.pl\/t\/index.php?rest_route=%2Fwp%2Fv2%2Fmedia&parent=11838"}],"wp:term":[{"taxonomy":"category","embeddable":true,"href":"https:\/\/wgphoto.pl\/t\/index.php?rest_route=%2Fwp%2Fv2%2Fcategories&post=11838"},{"taxonomy":"post_tag","embeddable":true,"href":"https:\/\/wgphoto.pl\/t\/index.php?rest_route=%2Fwp%2Fv2%2Ftags&post=11838"}],"curies":[{"name":"wp","href":"https:\/\/api.w.org\/{rel}","templated":true}]}}