{"id":11847,"date":"2025-02-09T23:09:00","date_gmt":"2025-02-09T22:09:00","guid":{"rendered":"https:\/\/wgphoto.pl\/t\/?p=11847"},"modified":"2025-02-09T23:09:00","modified_gmt":"2025-02-09T22:09:00","slug":"ulf-b1-nr-729","status":"publish","type":"post","link":"https:\/\/wgphoto.pl\/t\/?p=11847","title":{"rendered":"ULF B1 nr 729"},"content":{"rendered":"\n<figure class=\"wp-block-image aligncenter size-full\"><img loading=\"lazy\" decoding=\"async\" width=\"600\" height=\"850\" src=\"https:\/\/wgphoto.pl\/t\/wp-content\/uploads\/2025\/02\/imgp8120-1.jpg\" alt=\"\" class=\"wp-image-11848\" srcset=\"https:\/\/wgphoto.pl\/t\/wp-content\/uploads\/2025\/02\/imgp8120-1.jpg 600w, https:\/\/wgphoto.pl\/t\/wp-content\/uploads\/2025\/02\/imgp8120-1-212x300.jpg 212w\" sizes=\"auto, (max-width: 600px) 100vw, 600px\" \/><\/figure>\n\n\n\n<div class=\"wp-block-group has-global-padding is-layout-constrained wp-block-group-is-layout-constrained\">\n<p>Wiede\u0144, Grinzinger Allee. Uwa\u017cny obserwator m\u00f3g\u0142by si\u0119 zastanawia\u0107, dlaczego mijaj\u0105ce si\u0119 tramwaje jad\u0105 &#8211; wedle wy\u015bwietlaczy &#8211; do tej samej p\u0119tli. Odpowied\u017a jest prosta. Zdj\u0119cie wykonano przed pierwszym przystankiem za p\u0119tl\u0105 (dla sk\u0142adu E2+c5 &#8211; za ostatnim przed p\u0119tl\u0105), tramwaj za\u015b zmienia kierunek ju\u017c w chwil\u0119 po odje\u017adzie z przedostatniego przystanku na trasie, by na peron odjazdowy podstawi\u0107 si\u0119 z u\u017cyteczn\u0105 dla pasa\u017cera informacj\u0105 na wy\u015bwietlaczach. 2012-05-25<\/p>\n<\/div>\n","protected":false},"excerpt":{"rendered":"<p>Wiede\u0144, Grinzinger Allee. Uwa\u017cny obserwator m\u00f3g\u0142by si\u0119 zastanawia\u0107, dlaczego mijaj\u0105ce si\u0119 tramwaje jad\u0105 &#8211; wedle wy\u015bwietlaczy &#8211; do tej samej p\u0119tli. Odpowied\u017a jest prosta. Zdj\u0119cie wykonano przed pierwszym przystankiem za p\u0119tl\u0105 (dla sk\u0142adu E2+c5 &#8211; za ostatnim przed p\u0119tl\u0105), tramwaj za\u015b zmienia kierunek ju\u017c w chwil\u0119 po odje\u017adzie z przedostatniego przystanku na trasie, by na [&hellip;]<\/p>\n","protected":false},"author":1,"featured_media":11848,"comment_status":"open","ping_status":"","sticky":false,"template":"","format":"standard","meta":{"footnotes":""},"categories":[128,46,3],"tags":[406,9,3147,114,389,271,97,98],"class_list":["post-11847","post","type-post","status-publish","format-standard","has-post-thumbnail","hentry","category-pionowe","category-rok-2012","category-tramwaj","tag-2012-05-25","tag-austria","tag-c5","tag-gory","tag-mijanka","tag-ulf","tag-wieden","tag-wiener-linien"],"_links":{"self":[{"href":"https:\/\/wgphoto.pl\/t\/index.php?rest_route=\/wp\/v2\/posts\/11847","targetHints":{"allow":["GET"]}}],"collection":[{"href":"https:\/\/wgphoto.pl\/t\/index.php?rest_route=\/wp\/v2\/posts"}],"about":[{"href":"https:\/\/wgphoto.pl\/t\/index.php?rest_route=\/wp\/v2\/types\/post"}],"author":[{"embeddable":true,"href":"https:\/\/wgphoto.pl\/t\/index.php?rest_route=\/wp\/v2\/users\/1"}],"replies":[{"embeddable":true,"href":"https:\/\/wgphoto.pl\/t\/index.php?rest_route=%2Fwp%2Fv2%2Fcomments&post=11847"}],"version-history":[{"count":1,"href":"https:\/\/wgphoto.pl\/t\/index.php?rest_route=\/wp\/v2\/posts\/11847\/revisions"}],"predecessor-version":[{"id":11849,"href":"https:\/\/wgphoto.pl\/t\/index.php?rest_route=\/wp\/v2\/posts\/11847\/revisions\/11849"}],"wp:featuredmedia":[{"embeddable":true,"href":"https:\/\/wgphoto.pl\/t\/index.php?rest_route=\/wp\/v2\/media\/11848"}],"wp:attachment":[{"href":"https:\/\/wgphoto.pl\/t\/index.php?rest_route=%2Fwp%2Fv2%2Fmedia&parent=11847"}],"wp:term":[{"taxonomy":"category","embeddable":true,"href":"https:\/\/wgphoto.pl\/t\/index.php?rest_route=%2Fwp%2Fv2%2Fcategories&post=11847"},{"taxonomy":"post_tag","embeddable":true,"href":"https:\/\/wgphoto.pl\/t\/index.php?rest_route=%2Fwp%2Fv2%2Ftags&post=11847"}],"curies":[{"name":"wp","href":"https:\/\/api.w.org\/{rel}","templated":true}]}}