{"id":11850,"date":"2025-02-09T23:10:04","date_gmt":"2025-02-09T22:10:04","guid":{"rendered":"https:\/\/wgphoto.pl\/t\/?p=11850"},"modified":"2025-02-09T23:10:04","modified_gmt":"2025-02-09T22:10:04","slug":"b-nr-629-favoritenstrase","status":"publish","type":"post","link":"https:\/\/wgphoto.pl\/t\/?p=11850","title":{"rendered":"B nr 629, Favoritenstra\u00dfe"},"content":{"rendered":"\n<figure class=\"wp-block-image aligncenter size-full\"><img loading=\"lazy\" decoding=\"async\" width=\"900\" height=\"598\" src=\"https:\/\/wgphoto.pl\/t\/wp-content\/uploads\/2025\/02\/imgp8444.jpg\" alt=\"\" class=\"wp-image-11851\" srcset=\"https:\/\/wgphoto.pl\/t\/wp-content\/uploads\/2025\/02\/imgp8444.jpg 900w, https:\/\/wgphoto.pl\/t\/wp-content\/uploads\/2025\/02\/imgp8444-300x199.jpg 300w, https:\/\/wgphoto.pl\/t\/wp-content\/uploads\/2025\/02\/imgp8444-768x510.jpg 768w\" sizes=\"auto, (max-width: 900px) 100vw, 900px\" \/><\/figure>\n\n\n\n<div class=\"wp-block-group has-global-padding is-layout-constrained wp-block-group-is-layout-constrained\">\n<p>Tramwaj linii 67 opu\u015bci\u0142 Reumannplatz &#8211; ko\u0144cow\u0105 stacj\u0119 metra U1 &#8211; i wspina si\u0119 Favoritenstra\u00dfe w kierunku po\u0142udniowych przedmie\u015b\u0107 Wiednia. Tramwaj stanowi na tym odcinku przed\u0142u\u017cenie metra, jednak w 2015 lub 2016 roku ma zosta\u0107 zast\u0105piony na znacznym odcinku tej trasy &#8211; do Rothneusiedl &#8211; lini\u0105 U1; prace przy jej rozbudowie ju\u017c trwaj\u0105. Zmiana ta poci\u0105gnie za sob\u0105 likwidacj\u0119 komunikacji szynowej na odcinku Rothneusiedl &#8211; Oberlaa. W tle widoczny jest zachmurzony Kahlenberg. 27.05.2012<\/p>\n<\/div>\n","protected":false},"excerpt":{"rendered":"<p>Tramwaj linii 67 opu\u015bci\u0142 Reumannplatz &#8211; ko\u0144cow\u0105 stacj\u0119 metra U1 &#8211; i wspina si\u0119 Favoritenstra\u00dfe w kierunku po\u0142udniowych przedmie\u015b\u0107 Wiednia. Tramwaj stanowi na tym odcinku przed\u0142u\u017cenie metra, jednak w 2015 lub 2016 roku ma zosta\u0107 zast\u0105piony na znacznym odcinku tej trasy &#8211; do Rothneusiedl &#8211; lini\u0105 U1; prace przy jej rozbudowie ju\u017c trwaj\u0105. Zmiana ta [&hellip;]<\/p>\n","protected":false},"author":1,"featured_media":11851,"comment_status":"open","ping_status":"","sticky":false,"template":"","format":"standard","meta":{"footnotes":""},"categories":[46,3],"tags":[1796,9,271,97,98],"class_list":["post-11850","post","type-post","status-publish","format-standard","has-post-thumbnail","hentry","category-rok-2012","category-tramwaj","tag-2012-05-27","tag-austria","tag-ulf","tag-wieden","tag-wiener-linien"],"_links":{"self":[{"href":"https:\/\/wgphoto.pl\/t\/index.php?rest_route=\/wp\/v2\/posts\/11850","targetHints":{"allow":["GET"]}}],"collection":[{"href":"https:\/\/wgphoto.pl\/t\/index.php?rest_route=\/wp\/v2\/posts"}],"about":[{"href":"https:\/\/wgphoto.pl\/t\/index.php?rest_route=\/wp\/v2\/types\/post"}],"author":[{"embeddable":true,"href":"https:\/\/wgphoto.pl\/t\/index.php?rest_route=\/wp\/v2\/users\/1"}],"replies":[{"embeddable":true,"href":"https:\/\/wgphoto.pl\/t\/index.php?rest_route=%2Fwp%2Fv2%2Fcomments&post=11850"}],"version-history":[{"count":1,"href":"https:\/\/wgphoto.pl\/t\/index.php?rest_route=\/wp\/v2\/posts\/11850\/revisions"}],"predecessor-version":[{"id":11852,"href":"https:\/\/wgphoto.pl\/t\/index.php?rest_route=\/wp\/v2\/posts\/11850\/revisions\/11852"}],"wp:featuredmedia":[{"embeddable":true,"href":"https:\/\/wgphoto.pl\/t\/index.php?rest_route=\/wp\/v2\/media\/11851"}],"wp:attachment":[{"href":"https:\/\/wgphoto.pl\/t\/index.php?rest_route=%2Fwp%2Fv2%2Fmedia&parent=11850"}],"wp:term":[{"taxonomy":"category","embeddable":true,"href":"https:\/\/wgphoto.pl\/t\/index.php?rest_route=%2Fwp%2Fv2%2Fcategories&post=11850"},{"taxonomy":"post_tag","embeddable":true,"href":"https:\/\/wgphoto.pl\/t\/index.php?rest_route=%2Fwp%2Fv2%2Ftags&post=11850"}],"curies":[{"name":"wp","href":"https:\/\/api.w.org\/{rel}","templated":true}]}}