{"id":11853,"date":"2025-02-09T23:11:03","date_gmt":"2025-02-09T22:11:03","guid":{"rendered":"https:\/\/wgphoto.pl\/t\/?p=11853"},"modified":"2025-02-09T23:11:03","modified_gmt":"2025-02-09T22:11:03","slug":"b1-nr-727-billrothstrase","status":"publish","type":"post","link":"https:\/\/wgphoto.pl\/t\/?p=11853","title":{"rendered":"B1 nr 727, Billrothstra\u00dfe"},"content":{"rendered":"\n<figure class=\"wp-block-image aligncenter size-full\"><img loading=\"lazy\" decoding=\"async\" width=\"900\" height=\"597\" src=\"https:\/\/wgphoto.pl\/t\/wp-content\/uploads\/2025\/02\/imgp8125.jpg\" alt=\"\" class=\"wp-image-11854\" srcset=\"https:\/\/wgphoto.pl\/t\/wp-content\/uploads\/2025\/02\/imgp8125.jpg 900w, https:\/\/wgphoto.pl\/t\/wp-content\/uploads\/2025\/02\/imgp8125-300x199.jpg 300w, https:\/\/wgphoto.pl\/t\/wp-content\/uploads\/2025\/02\/imgp8125-768x509.jpg 768w\" sizes=\"auto, (max-width: 900px) 100vw, 900px\" \/><\/figure>\n\n\n\n<div class=\"wp-block-group has-global-padding is-layout-constrained wp-block-group-is-layout-constrained\">\n<p>D\u0142ugi ULF pokonuje ruchliwy fragment Billrothstra\u00dfe &#8211; na tyle ruchliwy, \u017ce mimo licznych pr\u00f3b nie uda\u0142o mi si\u0119 pope\u0142ni\u0107 tutaj zadowalaj\u0105cego zdj\u0119cia. Wszystkiemu jest winna synchronizacja sygnalizacji \u015bwietlnej widocznej w tle oraz tej za moimi plecami. W momencie bowiem, gdy spod tej pierwszej startuje w moj\u0105 stron\u0119 tramwaj, druga w\u0142a\u015bnie wypuszcza mu naprzeciw paczk\u0119 aut. Uj\u0119cie ze szczytem Leopoldsberg w tle jednak na tyle mi si\u0119 spodoba\u0142o, \u017ce powsta\u0142 taki oto fotomonta\u017c. \ud83d\ude42 25.05.2012<\/p>\n<\/div>\n","protected":false},"excerpt":{"rendered":"<p>D\u0142ugi ULF pokonuje ruchliwy fragment Billrothstra\u00dfe &#8211; na tyle ruchliwy, \u017ce mimo licznych pr\u00f3b nie uda\u0142o mi si\u0119 pope\u0142ni\u0107 tutaj zadowalaj\u0105cego zdj\u0119cia. Wszystkiemu jest winna synchronizacja sygnalizacji \u015bwietlnej widocznej w tle oraz tej za moimi plecami. W momencie bowiem, gdy spod tej pierwszej startuje w moj\u0105 stron\u0119 tramwaj, druga w\u0142a\u015bnie wypuszcza mu naprzeciw paczk\u0119 aut. [&hellip;]<\/p>\n","protected":false},"author":1,"featured_media":11854,"comment_status":"open","ping_status":"","sticky":false,"template":"","format":"standard","meta":{"footnotes":""},"categories":[46,3],"tags":[406,9,271,97,98],"class_list":["post-11853","post","type-post","status-publish","format-standard","has-post-thumbnail","hentry","category-rok-2012","category-tramwaj","tag-2012-05-25","tag-austria","tag-ulf","tag-wieden","tag-wiener-linien"],"_links":{"self":[{"href":"https:\/\/wgphoto.pl\/t\/index.php?rest_route=\/wp\/v2\/posts\/11853","targetHints":{"allow":["GET"]}}],"collection":[{"href":"https:\/\/wgphoto.pl\/t\/index.php?rest_route=\/wp\/v2\/posts"}],"about":[{"href":"https:\/\/wgphoto.pl\/t\/index.php?rest_route=\/wp\/v2\/types\/post"}],"author":[{"embeddable":true,"href":"https:\/\/wgphoto.pl\/t\/index.php?rest_route=\/wp\/v2\/users\/1"}],"replies":[{"embeddable":true,"href":"https:\/\/wgphoto.pl\/t\/index.php?rest_route=%2Fwp%2Fv2%2Fcomments&post=11853"}],"version-history":[{"count":1,"href":"https:\/\/wgphoto.pl\/t\/index.php?rest_route=\/wp\/v2\/posts\/11853\/revisions"}],"predecessor-version":[{"id":11855,"href":"https:\/\/wgphoto.pl\/t\/index.php?rest_route=\/wp\/v2\/posts\/11853\/revisions\/11855"}],"wp:featuredmedia":[{"embeddable":true,"href":"https:\/\/wgphoto.pl\/t\/index.php?rest_route=\/wp\/v2\/media\/11854"}],"wp:attachment":[{"href":"https:\/\/wgphoto.pl\/t\/index.php?rest_route=%2Fwp%2Fv2%2Fmedia&parent=11853"}],"wp:term":[{"taxonomy":"category","embeddable":true,"href":"https:\/\/wgphoto.pl\/t\/index.php?rest_route=%2Fwp%2Fv2%2Fcategories&post=11853"},{"taxonomy":"post_tag","embeddable":true,"href":"https:\/\/wgphoto.pl\/t\/index.php?rest_route=%2Fwp%2Fv2%2Ftags&post=11853"}],"curies":[{"name":"wp","href":"https:\/\/api.w.org\/{rel}","templated":true}]}}