{"id":11856,"date":"2025-02-09T23:12:05","date_gmt":"2025-02-09T22:12:05","guid":{"rendered":"https:\/\/wgphoto.pl\/t\/?p=11856"},"modified":"2025-02-09T23:12:05","modified_gmt":"2025-02-09T22:12:05","slug":"tramwajowa-tarcza-ostrzegawcza","status":"publish","type":"post","link":"https:\/\/wgphoto.pl\/t\/?p=11856","title":{"rendered":"Tramwajowa tarcza ostrzegawcza"},"content":{"rendered":"\n<figure class=\"wp-block-image aligncenter size-full\"><img loading=\"lazy\" decoding=\"async\" width=\"900\" height=\"601\" src=\"https:\/\/wgphoto.pl\/t\/wp-content\/uploads\/2025\/02\/imgp8432.jpg\" alt=\"\" class=\"wp-image-11857\" srcset=\"https:\/\/wgphoto.pl\/t\/wp-content\/uploads\/2025\/02\/imgp8432.jpg 900w, https:\/\/wgphoto.pl\/t\/wp-content\/uploads\/2025\/02\/imgp8432-300x200.jpg 300w, https:\/\/wgphoto.pl\/t\/wp-content\/uploads\/2025\/02\/imgp8432-768x513.jpg 768w\" sizes=\"auto, (max-width: 900px) 100vw, 900px\" \/><\/figure>\n\n\n\n<div class=\"wp-block-group has-global-padding is-layout-constrained wp-block-group-is-layout-constrained\">\n<p>Wiede\u0144, Quellenstra\u00dfe. Czternastoletni ju\u017c ULF typu B, nr 603, obs\u0142uguj\u0105c lini\u0119 6 zbli\u017ca si\u0119 do Reumannplatz. Skoro w komentarzach pojawi\u0142 si\u0119 ju\u017c w\u0105tek tarczy ostrzegawczej, nie pozostaje mi nic innego jak zaprezentowa\u0107 publiczno\u015bci to ustrojstwo z bliska. Tarcza wy\u015bwietla z odpowiednim wyprzedzeniem sygna\u0142y, kt\u00f3re pojawi\u0105 si\u0119 na sygnalizatorze w\u0142a\u015bciwym, umo\u017cliwiaj\u0105c motorniczemu g\u0142adkie hamowanie przed &#8222;poziom\u0105 kresk\u0105&#8221; lub &#8211; doje\u017cd\u017caj\u0105cemu &#8211; oszcz\u0119dzaj\u0105c niepotrzebnego hamowania, gdy zaraz za\u015bwieci si\u0119 &#8222;kreska pionowa&#8221;. Tym samym siemens zyskuje odpowiednik \u015bwiat\u0142a \u017c\u00f3\u0142tego, kt\u00f3rego nie da si\u0119 na nim wy\u015bwietli\u0107. 27.05.2012<\/p>\n<\/div>\n","protected":false},"excerpt":{"rendered":"<p>Wiede\u0144, Quellenstra\u00dfe. Czternastoletni ju\u017c ULF typu B, nr 603, obs\u0142uguj\u0105c lini\u0119 6 zbli\u017ca si\u0119 do Reumannplatz. Skoro w komentarzach pojawi\u0142 si\u0119 ju\u017c w\u0105tek tarczy ostrzegawczej, nie pozostaje mi nic innego jak zaprezentowa\u0107 publiczno\u015bci to ustrojstwo z bliska. Tarcza wy\u015bwietla z odpowiednim wyprzedzeniem sygna\u0142y, kt\u00f3re pojawi\u0105 si\u0119 na sygnalizatorze w\u0142a\u015bciwym, umo\u017cliwiaj\u0105c motorniczemu g\u0142adkie hamowanie przed &#8222;poziom\u0105 [&hellip;]<\/p>\n","protected":false},"author":1,"featured_media":11857,"comment_status":"open","ping_status":"","sticky":false,"template":"","format":"standard","meta":{"footnotes":""},"categories":[46,3],"tags":[1796,9,230,271,97,98],"class_list":["post-11856","post","type-post","status-publish","format-standard","has-post-thumbnail","hentry","category-rok-2012","category-tramwaj","tag-2012-05-27","tag-austria","tag-infrastruktura","tag-ulf","tag-wieden","tag-wiener-linien"],"_links":{"self":[{"href":"https:\/\/wgphoto.pl\/t\/index.php?rest_route=\/wp\/v2\/posts\/11856","targetHints":{"allow":["GET"]}}],"collection":[{"href":"https:\/\/wgphoto.pl\/t\/index.php?rest_route=\/wp\/v2\/posts"}],"about":[{"href":"https:\/\/wgphoto.pl\/t\/index.php?rest_route=\/wp\/v2\/types\/post"}],"author":[{"embeddable":true,"href":"https:\/\/wgphoto.pl\/t\/index.php?rest_route=\/wp\/v2\/users\/1"}],"replies":[{"embeddable":true,"href":"https:\/\/wgphoto.pl\/t\/index.php?rest_route=%2Fwp%2Fv2%2Fcomments&post=11856"}],"version-history":[{"count":1,"href":"https:\/\/wgphoto.pl\/t\/index.php?rest_route=\/wp\/v2\/posts\/11856\/revisions"}],"predecessor-version":[{"id":11858,"href":"https:\/\/wgphoto.pl\/t\/index.php?rest_route=\/wp\/v2\/posts\/11856\/revisions\/11858"}],"wp:featuredmedia":[{"embeddable":true,"href":"https:\/\/wgphoto.pl\/t\/index.php?rest_route=\/wp\/v2\/media\/11857"}],"wp:attachment":[{"href":"https:\/\/wgphoto.pl\/t\/index.php?rest_route=%2Fwp%2Fv2%2Fmedia&parent=11856"}],"wp:term":[{"taxonomy":"category","embeddable":true,"href":"https:\/\/wgphoto.pl\/t\/index.php?rest_route=%2Fwp%2Fv2%2Fcategories&post=11856"},{"taxonomy":"post_tag","embeddable":true,"href":"https:\/\/wgphoto.pl\/t\/index.php?rest_route=%2Fwp%2Fv2%2Ftags&post=11856"}],"curies":[{"name":"wp","href":"https:\/\/api.w.org\/{rel}","templated":true}]}}