{"id":11865,"date":"2025-02-09T23:15:41","date_gmt":"2025-02-09T22:15:41","guid":{"rendered":"https:\/\/wgphoto.pl\/t\/?p=11865"},"modified":"2026-02-22T23:14:48","modified_gmt":"2026-02-22T22:14:48","slug":"v-nr-3841-margaretengurtel-pilgramgasse","status":"publish","type":"post","link":"https:\/\/wgphoto.pl\/t\/?p=11865","title":{"rendered":"V nr 3841, Margareteng\u00fcrtel &#8211; Pilgramgasse"},"content":{"rendered":"\n<figure class=\"wp-block-image aligncenter size-full\"><img loading=\"lazy\" decoding=\"async\" width=\"1200\" height=\"803\" src=\"https:\/\/wgphoto.pl\/t\/wp-content\/uploads\/2025\/02\/imgp8136.jpg\" alt=\"\" class=\"wp-image-11866\" srcset=\"https:\/\/wgphoto.pl\/t\/wp-content\/uploads\/2025\/02\/imgp8136.jpg 1200w, https:\/\/wgphoto.pl\/t\/wp-content\/uploads\/2025\/02\/imgp8136-300x201.jpg 300w, https:\/\/wgphoto.pl\/t\/wp-content\/uploads\/2025\/02\/imgp8136-768x514.jpg 768w\" sizes=\"auto, (max-width: 1200px) 100vw, 1200px\" \/><\/figure>\n\n\n\n<div class=\"wp-block-group has-global-padding is-layout-constrained wp-block-group-is-layout-constrained\">\n<p>Po\u0142owa trasy linii U4 wiedzie wzd\u0142u\u017c koryta rzeki Wien. Na zdj\u0119ciu widoczny jest \u015br\u00f3dmiejski odcinek mi\u0119dzy stacjami Margareteng\u00fcrtel i Pilgramgasse. 2012-05-25<\/p>\n<\/div>\n","protected":false},"excerpt":{"rendered":"<p>Po\u0142owa trasy linii U4 wiedzie wzd\u0142u\u017c koryta rzeki Wien. Na zdj\u0119ciu widoczny jest \u015br\u00f3dmiejski odcinek mi\u0119dzy stacjami Margareteng\u00fcrtel i Pilgramgasse. 2012-05-25<\/p>\n","protected":false},"author":1,"featured_media":11866,"comment_status":"open","ping_status":"","sticky":false,"template":"","format":"standard","meta":{"footnotes":""},"categories":[4,46],"tags":[406,9,73,99,4679,97,98],"class_list":["post-11865","post","type-post","status-publish","format-standard","has-post-thumbnail","hentry","category-metro","category-rok-2012","tag-2012-05-25","tag-austria","tag-rzeka","tag-u-bahn-wien","tag-v","tag-wieden","tag-wiener-linien"],"_links":{"self":[{"href":"https:\/\/wgphoto.pl\/t\/index.php?rest_route=\/wp\/v2\/posts\/11865","targetHints":{"allow":["GET"]}}],"collection":[{"href":"https:\/\/wgphoto.pl\/t\/index.php?rest_route=\/wp\/v2\/posts"}],"about":[{"href":"https:\/\/wgphoto.pl\/t\/index.php?rest_route=\/wp\/v2\/types\/post"}],"author":[{"embeddable":true,"href":"https:\/\/wgphoto.pl\/t\/index.php?rest_route=\/wp\/v2\/users\/1"}],"replies":[{"embeddable":true,"href":"https:\/\/wgphoto.pl\/t\/index.php?rest_route=%2Fwp%2Fv2%2Fcomments&post=11865"}],"version-history":[{"count":1,"href":"https:\/\/wgphoto.pl\/t\/index.php?rest_route=\/wp\/v2\/posts\/11865\/revisions"}],"predecessor-version":[{"id":11867,"href":"https:\/\/wgphoto.pl\/t\/index.php?rest_route=\/wp\/v2\/posts\/11865\/revisions\/11867"}],"wp:featuredmedia":[{"embeddable":true,"href":"https:\/\/wgphoto.pl\/t\/index.php?rest_route=\/wp\/v2\/media\/11866"}],"wp:attachment":[{"href":"https:\/\/wgphoto.pl\/t\/index.php?rest_route=%2Fwp%2Fv2%2Fmedia&parent=11865"}],"wp:term":[{"taxonomy":"category","embeddable":true,"href":"https:\/\/wgphoto.pl\/t\/index.php?rest_route=%2Fwp%2Fv2%2Fcategories&post=11865"},{"taxonomy":"post_tag","embeddable":true,"href":"https:\/\/wgphoto.pl\/t\/index.php?rest_route=%2Fwp%2Fv2%2Ftags&post=11865"}],"curies":[{"name":"wp","href":"https:\/\/api.w.org\/{rel}","templated":true}]}}