{"id":11868,"date":"2025-02-09T23:16:41","date_gmt":"2025-02-09T22:16:41","guid":{"rendered":"https:\/\/wgphoto.pl\/t\/?p=11868"},"modified":"2026-02-22T23:14:37","modified_gmt":"2026-02-22T22:14:37","slug":"v-nr-3813-braunschweiggasse-hietzing","status":"publish","type":"post","link":"https:\/\/wgphoto.pl\/t\/?p=11868","title":{"rendered":"V nr 3813, Braunschweiggasse &#8211; Hietzing"},"content":{"rendered":"\n<figure class=\"wp-block-image aligncenter size-full\"><img loading=\"lazy\" decoding=\"async\" width=\"900\" height=\"599\" src=\"https:\/\/wgphoto.pl\/t\/wp-content\/uploads\/2025\/02\/imgp8155.jpg\" alt=\"\" class=\"wp-image-11869\" srcset=\"https:\/\/wgphoto.pl\/t\/wp-content\/uploads\/2025\/02\/imgp8155.jpg 900w, https:\/\/wgphoto.pl\/t\/wp-content\/uploads\/2025\/02\/imgp8155-300x200.jpg 300w, https:\/\/wgphoto.pl\/t\/wp-content\/uploads\/2025\/02\/imgp8155-768x511.jpg 768w\" sizes=\"auto, (max-width: 900px) 100vw, 900px\" \/><\/figure>\n\n\n\n<div class=\"wp-block-group has-global-padding is-layout-constrained wp-block-group-is-layout-constrained\">\n<p>Po\u0142owa trasy linii U4 wiedzie wzd\u0142u\u017c rzeki Wien. W ostatnich latach w jej korycie, o szeroko\u015bci przekraczaj\u0105cej nieco wymagania, zbudowano \u015bcie\u017ck\u0119 rowerow\u0105 ca\u0142kowicie odseparowan\u0105 od ruchu ko\u0142owego. Sk\u0142ad typu V pokonuje zachodni fragment trasy mi\u0119dzy stacjami Braunschweiggasse i Hietzing. 25.05.2012<\/p>\n<\/div>\n","protected":false},"excerpt":{"rendered":"<p>Po\u0142owa trasy linii U4 wiedzie wzd\u0142u\u017c rzeki Wien. W ostatnich latach w jej korycie, o szeroko\u015bci przekraczaj\u0105cej nieco wymagania, zbudowano \u015bcie\u017ck\u0119 rowerow\u0105 ca\u0142kowicie odseparowan\u0105 od ruchu ko\u0142owego. Sk\u0142ad typu V pokonuje zachodni fragment trasy mi\u0119dzy stacjami Braunschweiggasse i Hietzing. 25.05.2012<\/p>\n","protected":false},"author":1,"featured_media":11869,"comment_status":"open","ping_status":"","sticky":false,"template":"","format":"standard","meta":{"footnotes":""},"categories":[4,46],"tags":[406,9,73,99,4679,97,98],"class_list":["post-11868","post","type-post","status-publish","format-standard","has-post-thumbnail","hentry","category-metro","category-rok-2012","tag-2012-05-25","tag-austria","tag-rzeka","tag-u-bahn-wien","tag-v","tag-wieden","tag-wiener-linien"],"_links":{"self":[{"href":"https:\/\/wgphoto.pl\/t\/index.php?rest_route=\/wp\/v2\/posts\/11868","targetHints":{"allow":["GET"]}}],"collection":[{"href":"https:\/\/wgphoto.pl\/t\/index.php?rest_route=\/wp\/v2\/posts"}],"about":[{"href":"https:\/\/wgphoto.pl\/t\/index.php?rest_route=\/wp\/v2\/types\/post"}],"author":[{"embeddable":true,"href":"https:\/\/wgphoto.pl\/t\/index.php?rest_route=\/wp\/v2\/users\/1"}],"replies":[{"embeddable":true,"href":"https:\/\/wgphoto.pl\/t\/index.php?rest_route=%2Fwp%2Fv2%2Fcomments&post=11868"}],"version-history":[{"count":1,"href":"https:\/\/wgphoto.pl\/t\/index.php?rest_route=\/wp\/v2\/posts\/11868\/revisions"}],"predecessor-version":[{"id":11870,"href":"https:\/\/wgphoto.pl\/t\/index.php?rest_route=\/wp\/v2\/posts\/11868\/revisions\/11870"}],"wp:featuredmedia":[{"embeddable":true,"href":"https:\/\/wgphoto.pl\/t\/index.php?rest_route=\/wp\/v2\/media\/11869"}],"wp:attachment":[{"href":"https:\/\/wgphoto.pl\/t\/index.php?rest_route=%2Fwp%2Fv2%2Fmedia&parent=11868"}],"wp:term":[{"taxonomy":"category","embeddable":true,"href":"https:\/\/wgphoto.pl\/t\/index.php?rest_route=%2Fwp%2Fv2%2Fcategories&post=11868"},{"taxonomy":"post_tag","embeddable":true,"href":"https:\/\/wgphoto.pl\/t\/index.php?rest_route=%2Fwp%2Fv2%2Ftags&post=11868"}],"curies":[{"name":"wp","href":"https:\/\/api.w.org\/{rel}","templated":true}]}}