{"id":11883,"date":"2025-02-09T23:23:03","date_gmt":"2025-02-09T22:23:03","guid":{"rendered":"https:\/\/wgphoto.pl\/t\/?p=11883"},"modified":"2025-02-09T23:23:03","modified_gmt":"2025-02-09T22:23:03","slug":"wiedenczyk-w-sarajewie-iv","status":"publish","type":"post","link":"https:\/\/wgphoto.pl\/t\/?p=11883","title":{"rendered":"Wiede\u0144czyk w Sarajewie IV"},"content":{"rendered":"\n<figure class=\"wp-block-image aligncenter size-full\"><img loading=\"lazy\" decoding=\"async\" width=\"900\" height=\"601\" src=\"https:\/\/wgphoto.pl\/t\/wp-content\/uploads\/2025\/02\/imgp3593-11.jpg\" alt=\"\" class=\"wp-image-11884\" srcset=\"https:\/\/wgphoto.pl\/t\/wp-content\/uploads\/2025\/02\/imgp3593-11.jpg 900w, https:\/\/wgphoto.pl\/t\/wp-content\/uploads\/2025\/02\/imgp3593-11-300x200.jpg 300w, https:\/\/wgphoto.pl\/t\/wp-content\/uploads\/2025\/02\/imgp3593-11-768x513.jpg 768w\" sizes=\"auto, (max-width: 900px) 100vw, 900px\" \/><\/figure>\n\n\n\n<div class=\"wp-block-group has-global-padding is-layout-constrained wp-block-group-is-layout-constrained\">\n<p>Niekt\u00f3re wozy typu E wygl\u0105daj\u0105 jak dopiero co wyj\u0119te z wiede\u0144skiej rzeczywisto\u015bci, poniewa\u017c przystosowanie ich do bo\u015bniackich warunk\u00f3w sprowadzi\u0142o si\u0119 jedynie do zamalowania starych i naklejenia nowych numer\u00f3w, monta\u017cu luster zewn\u0119trznych oraz sprz\u0119g\u00f3w, a wewn\u0105trz &#8211; kasownik\u00f3w. Wagon 709 (s\u0142u\u017c\u0105cy w Sarajewie od 2007 roku) wyje\u017cd\u017ca o poranku z p\u0119tli usytuowanej pod widocznym w tle dworcem kolejowym. 25.08.2011<\/p>\n<\/div>\n","protected":false},"excerpt":{"rendered":"<p>Niekt\u00f3re wozy typu E wygl\u0105daj\u0105 jak dopiero co wyj\u0119te z wiede\u0144skiej rzeczywisto\u015bci, poniewa\u017c przystosowanie ich do bo\u015bniackich warunk\u00f3w sprowadzi\u0142o si\u0119 jedynie do zamalowania starych i naklejenia nowych numer\u00f3w, monta\u017cu luster zewn\u0119trznych oraz sprz\u0119g\u00f3w, a wewn\u0105trz &#8211; kasownik\u00f3w. Wagon 709 (s\u0142u\u017c\u0105cy w Sarajewie od 2007 roku) wyje\u017cd\u017ca o poranku z p\u0119tli usytuowanej pod widocznym w tle [&hellip;]<\/p>\n","protected":false},"author":1,"featured_media":11884,"comment_status":"open","ping_status":"","sticky":false,"template":"","format":"standard","meta":{"footnotes":""},"categories":[77,3],"tags":[460,447,449,1522,101,176,448,380],"class_list":["post-11883","post","type-post","status-publish","format-standard","has-post-thumbnail","hentry","category-rok-2011","category-tramwaj","tag-2011-08-25","tag-bosnia-i-hercegowina","tag-e","tag-gras-sarajevo","tag-gt6","tag-rano","tag-sarajewo","tag-spod-dworca"],"_links":{"self":[{"href":"https:\/\/wgphoto.pl\/t\/index.php?rest_route=\/wp\/v2\/posts\/11883","targetHints":{"allow":["GET"]}}],"collection":[{"href":"https:\/\/wgphoto.pl\/t\/index.php?rest_route=\/wp\/v2\/posts"}],"about":[{"href":"https:\/\/wgphoto.pl\/t\/index.php?rest_route=\/wp\/v2\/types\/post"}],"author":[{"embeddable":true,"href":"https:\/\/wgphoto.pl\/t\/index.php?rest_route=\/wp\/v2\/users\/1"}],"replies":[{"embeddable":true,"href":"https:\/\/wgphoto.pl\/t\/index.php?rest_route=%2Fwp%2Fv2%2Fcomments&post=11883"}],"version-history":[{"count":1,"href":"https:\/\/wgphoto.pl\/t\/index.php?rest_route=\/wp\/v2\/posts\/11883\/revisions"}],"predecessor-version":[{"id":11885,"href":"https:\/\/wgphoto.pl\/t\/index.php?rest_route=\/wp\/v2\/posts\/11883\/revisions\/11885"}],"wp:featuredmedia":[{"embeddable":true,"href":"https:\/\/wgphoto.pl\/t\/index.php?rest_route=\/wp\/v2\/media\/11884"}],"wp:attachment":[{"href":"https:\/\/wgphoto.pl\/t\/index.php?rest_route=%2Fwp%2Fv2%2Fmedia&parent=11883"}],"wp:term":[{"taxonomy":"category","embeddable":true,"href":"https:\/\/wgphoto.pl\/t\/index.php?rest_route=%2Fwp%2Fv2%2Fcategories&post=11883"},{"taxonomy":"post_tag","embeddable":true,"href":"https:\/\/wgphoto.pl\/t\/index.php?rest_route=%2Fwp%2Fv2%2Ftags&post=11883"}],"curies":[{"name":"wp","href":"https:\/\/api.w.org\/{rel}","templated":true}]}}