{"id":11889,"date":"2025-02-09T23:25:49","date_gmt":"2025-02-09T22:25:49","guid":{"rendered":"https:\/\/wgphoto.pl\/t\/?p=11889"},"modified":"2025-02-09T23:25:49","modified_gmt":"2025-02-09T22:25:49","slug":"16t-nr-3013","status":"publish","type":"post","link":"https:\/\/wgphoto.pl\/t\/?p=11889","title":{"rendered":"16T nr 3013"},"content":{"rendered":"\n<figure class=\"wp-block-image aligncenter size-full\"><img loading=\"lazy\" decoding=\"async\" width=\"901\" height=\"600\" src=\"https:\/\/wgphoto.pl\/t\/wp-content\/uploads\/2025\/02\/imgp1792.jpg\" alt=\"\" class=\"wp-image-11890\" srcset=\"https:\/\/wgphoto.pl\/t\/wp-content\/uploads\/2025\/02\/imgp1792.jpg 901w, https:\/\/wgphoto.pl\/t\/wp-content\/uploads\/2025\/02\/imgp1792-300x200.jpg 300w, https:\/\/wgphoto.pl\/t\/wp-content\/uploads\/2025\/02\/imgp1792-768x511.jpg 768w\" sizes=\"auto, (max-width: 901px) 100vw, 901px\" \/><\/figure>\n\n\n\n<div class=\"wp-block-group has-global-padding is-layout-constrained wp-block-group-is-layout-constrained\">\n<p>\u0160koda udaje lini\u0119 nocn\u0105, kt\u00f3rej naturalnie nie obs\u0142uguje, a fotograf zabawia si\u0119 efektami d\u0142ugich czas\u00f3w na\u015bwietlania. Akcja rozgrywa si\u0119 podczas 20-minutowej, wieczornej przerwy na p\u0119tli Kowale. 30.06.2011<\/p>\n<\/div>\n","protected":false},"excerpt":{"rendered":"<p>\u0160koda udaje lini\u0119 nocn\u0105, kt\u00f3rej naturalnie nie obs\u0142uguje, a fotograf zabawia si\u0119 efektami d\u0142ugich czas\u00f3w na\u015bwietlania. Akcja rozgrywa si\u0119 podczas 20-minutowej, wieczornej przerwy na p\u0119tli Kowale. 30.06.2011<\/p>\n","protected":false},"author":1,"featured_media":11890,"comment_status":"open","ping_status":"","sticky":false,"template":"","format":"standard","meta":{"footnotes":""},"categories":[77,3],"tags":[3148,42,154,27,215,216,439,41],"class_list":["post-11889","post","type-post","status-publish","format-standard","has-post-thumbnail","hentry","category-rok-2011","category-tramwaj","tag-2011-06-30","tag-mpk-wroclaw","tag-noc","tag-polska","tag-skoda-16t","tag-skoda-elektra","tag-we-fabryce","tag-wroclaw"],"_links":{"self":[{"href":"https:\/\/wgphoto.pl\/t\/index.php?rest_route=\/wp\/v2\/posts\/11889","targetHints":{"allow":["GET"]}}],"collection":[{"href":"https:\/\/wgphoto.pl\/t\/index.php?rest_route=\/wp\/v2\/posts"}],"about":[{"href":"https:\/\/wgphoto.pl\/t\/index.php?rest_route=\/wp\/v2\/types\/post"}],"author":[{"embeddable":true,"href":"https:\/\/wgphoto.pl\/t\/index.php?rest_route=\/wp\/v2\/users\/1"}],"replies":[{"embeddable":true,"href":"https:\/\/wgphoto.pl\/t\/index.php?rest_route=%2Fwp%2Fv2%2Fcomments&post=11889"}],"version-history":[{"count":1,"href":"https:\/\/wgphoto.pl\/t\/index.php?rest_route=\/wp\/v2\/posts\/11889\/revisions"}],"predecessor-version":[{"id":11891,"href":"https:\/\/wgphoto.pl\/t\/index.php?rest_route=\/wp\/v2\/posts\/11889\/revisions\/11891"}],"wp:featuredmedia":[{"embeddable":true,"href":"https:\/\/wgphoto.pl\/t\/index.php?rest_route=\/wp\/v2\/media\/11890"}],"wp:attachment":[{"href":"https:\/\/wgphoto.pl\/t\/index.php?rest_route=%2Fwp%2Fv2%2Fmedia&parent=11889"}],"wp:term":[{"taxonomy":"category","embeddable":true,"href":"https:\/\/wgphoto.pl\/t\/index.php?rest_route=%2Fwp%2Fv2%2Fcategories&post=11889"},{"taxonomy":"post_tag","embeddable":true,"href":"https:\/\/wgphoto.pl\/t\/index.php?rest_route=%2Fwp%2Fv2%2Ftags&post=11889"}],"curies":[{"name":"wp","href":"https:\/\/api.w.org\/{rel}","templated":true}]}}