{"id":11904,"date":"2025-02-09T23:30:14","date_gmt":"2025-02-09T22:30:14","guid":{"rendered":"https:\/\/wgphoto.pl\/t\/?p=11904"},"modified":"2025-02-09T23:30:14","modified_gmt":"2025-02-09T22:30:14","slug":"t3su-nr-56375661","status":"publish","type":"post","link":"https:\/\/wgphoto.pl\/t\/?p=11904","title":{"rendered":"T3SU nr 5637+5661"},"content":{"rendered":"\n<figure class=\"wp-block-image aligncenter size-full\"><img loading=\"lazy\" decoding=\"async\" width=\"900\" height=\"600\" src=\"https:\/\/wgphoto.pl\/t\/wp-content\/uploads\/2025\/02\/imgp5326.jpg\" alt=\"\" class=\"wp-image-11905\" srcset=\"https:\/\/wgphoto.pl\/t\/wp-content\/uploads\/2025\/02\/imgp5326.jpg 900w, https:\/\/wgphoto.pl\/t\/wp-content\/uploads\/2025\/02\/imgp5326-300x200.jpg 300w, https:\/\/wgphoto.pl\/t\/wp-content\/uploads\/2025\/02\/imgp5326-768x512.jpg 768w\" sizes=\"auto, (max-width: 900px) 100vw, 900px\" \/><\/figure>\n\n\n\n<div class=\"wp-block-group has-global-padding is-layout-constrained wp-block-group-is-layout-constrained\">\n<p>Kij\u00f3w, p\u0119tla Mi\u0142os\u0142awska. To dok\u0142adnie przeciwny (bo p\u00f3\u0142nocny) kraniec lewobrze\u017cnego Kijowa, a blokowiska ci\u0105gn\u0105 si\u0119 nadal. 03.08.2010<\/p>\n<\/div>\n","protected":false},"excerpt":{"rendered":"<p>Kij\u00f3w, p\u0119tla Mi\u0142os\u0142awska. To dok\u0142adnie przeciwny (bo p\u00f3\u0142nocny) kraniec lewobrze\u017cnego Kijowa, a blokowiska ci\u0105gn\u0105 si\u0119 nadal. 03.08.2010<\/p>\n","protected":false},"author":1,"featured_media":11905,"comment_status":"open","ping_status":"","sticky":false,"template":"","format":"standard","meta":{"footnotes":""},"categories":[86,3],"tags":[2075,452,1011,453],"class_list":["post-11904","post","type-post","status-publish","format-standard","has-post-thumbnail","hentry","category-rok-2010","category-tramwaj","tag-2010-08-03","tag-kijow","tag-tatra-t3","tag-ukraina"],"_links":{"self":[{"href":"https:\/\/wgphoto.pl\/t\/index.php?rest_route=\/wp\/v2\/posts\/11904","targetHints":{"allow":["GET"]}}],"collection":[{"href":"https:\/\/wgphoto.pl\/t\/index.php?rest_route=\/wp\/v2\/posts"}],"about":[{"href":"https:\/\/wgphoto.pl\/t\/index.php?rest_route=\/wp\/v2\/types\/post"}],"author":[{"embeddable":true,"href":"https:\/\/wgphoto.pl\/t\/index.php?rest_route=\/wp\/v2\/users\/1"}],"replies":[{"embeddable":true,"href":"https:\/\/wgphoto.pl\/t\/index.php?rest_route=%2Fwp%2Fv2%2Fcomments&post=11904"}],"version-history":[{"count":1,"href":"https:\/\/wgphoto.pl\/t\/index.php?rest_route=\/wp\/v2\/posts\/11904\/revisions"}],"predecessor-version":[{"id":11906,"href":"https:\/\/wgphoto.pl\/t\/index.php?rest_route=\/wp\/v2\/posts\/11904\/revisions\/11906"}],"wp:featuredmedia":[{"embeddable":true,"href":"https:\/\/wgphoto.pl\/t\/index.php?rest_route=\/wp\/v2\/media\/11905"}],"wp:attachment":[{"href":"https:\/\/wgphoto.pl\/t\/index.php?rest_route=%2Fwp%2Fv2%2Fmedia&parent=11904"}],"wp:term":[{"taxonomy":"category","embeddable":true,"href":"https:\/\/wgphoto.pl\/t\/index.php?rest_route=%2Fwp%2Fv2%2Fcategories&post=11904"},{"taxonomy":"post_tag","embeddable":true,"href":"https:\/\/wgphoto.pl\/t\/index.php?rest_route=%2Fwp%2Fv2%2Ftags&post=11904"}],"curies":[{"name":"wp","href":"https:\/\/api.w.org\/{rel}","templated":true}]}}