{"id":11907,"date":"2025-02-09T23:31:30","date_gmt":"2025-02-09T22:31:30","guid":{"rendered":"https:\/\/wgphoto.pl\/t\/?p=11907"},"modified":"2025-02-09T23:31:30","modified_gmt":"2025-02-09T22:31:30","slug":"a30bb30ba30b-nr-316611321","status":"publish","type":"post","link":"https:\/\/wgphoto.pl\/t\/?p=11907","title":{"rendered":"A30B+B30B+A30B nr 316+611+321"},"content":{"rendered":"\n<figure class=\"wp-block-image aligncenter size-full\"><img loading=\"lazy\" decoding=\"async\" width=\"900\" height=\"598\" src=\"https:\/\/wgphoto.pl\/t\/wp-content\/uploads\/2025\/02\/imgp2809.jpg\" alt=\"\" class=\"wp-image-11908\" srcset=\"https:\/\/wgphoto.pl\/t\/wp-content\/uploads\/2025\/02\/imgp2809.jpg 900w, https:\/\/wgphoto.pl\/t\/wp-content\/uploads\/2025\/02\/imgp2809-300x199.jpg 300w, https:\/\/wgphoto.pl\/t\/wp-content\/uploads\/2025\/02\/imgp2809-768x510.jpg 768w\" sizes=\"auto, (max-width: 900px) 100vw, 900px\" \/><\/figure>\n\n\n\n<div class=\"wp-block-group has-global-padding is-layout-constrained wp-block-group-is-layout-constrained\">\n<p>Zestaw 316+611+321 pokonuje odcinek Bodal &#8211; Baggeby. Wi\u0119kszo\u015b\u0107 trasy kolei Liding\u00f6banan jest jednotorowa z mijankami. Dwutor znajduje si\u0119 tylko na licz\u0105cym trzy stacje odcinku po\u015brodku trasy. 2011-08-19<\/p>\n<\/div>\n","protected":false},"excerpt":{"rendered":"<p>Zestaw 316+611+321 pokonuje odcinek Bodal &#8211; Baggeby. Wi\u0119kszo\u015b\u0107 trasy kolei Liding\u00f6banan jest jednotorowa z mijankami. Dwutor znajduje si\u0119 tylko na licz\u0105cym trzy stacje odcinku po\u015brodku trasy. 2011-08-19<\/p>\n","protected":false},"author":1,"featured_media":11908,"comment_status":"open","ping_status":"","sticky":false,"template":"","format":"standard","meta":{"footnotes":""},"categories":[77,3],"tags":[1124,1123,135,682,686,685],"class_list":["post-11907","post","type-post","status-publish","format-standard","has-post-thumbnail","hentry","category-rok-2011","category-tramwaj","tag-2011-08-19","tag-lidingobanan","tag-potrojniak","tag-sl-stockholm","tag-sztokholm","tag-szwecja"],"_links":{"self":[{"href":"https:\/\/wgphoto.pl\/t\/index.php?rest_route=\/wp\/v2\/posts\/11907","targetHints":{"allow":["GET"]}}],"collection":[{"href":"https:\/\/wgphoto.pl\/t\/index.php?rest_route=\/wp\/v2\/posts"}],"about":[{"href":"https:\/\/wgphoto.pl\/t\/index.php?rest_route=\/wp\/v2\/types\/post"}],"author":[{"embeddable":true,"href":"https:\/\/wgphoto.pl\/t\/index.php?rest_route=\/wp\/v2\/users\/1"}],"replies":[{"embeddable":true,"href":"https:\/\/wgphoto.pl\/t\/index.php?rest_route=%2Fwp%2Fv2%2Fcomments&post=11907"}],"version-history":[{"count":1,"href":"https:\/\/wgphoto.pl\/t\/index.php?rest_route=\/wp\/v2\/posts\/11907\/revisions"}],"predecessor-version":[{"id":11909,"href":"https:\/\/wgphoto.pl\/t\/index.php?rest_route=\/wp\/v2\/posts\/11907\/revisions\/11909"}],"wp:featuredmedia":[{"embeddable":true,"href":"https:\/\/wgphoto.pl\/t\/index.php?rest_route=\/wp\/v2\/media\/11908"}],"wp:attachment":[{"href":"https:\/\/wgphoto.pl\/t\/index.php?rest_route=%2Fwp%2Fv2%2Fmedia&parent=11907"}],"wp:term":[{"taxonomy":"category","embeddable":true,"href":"https:\/\/wgphoto.pl\/t\/index.php?rest_route=%2Fwp%2Fv2%2Fcategories&post=11907"},{"taxonomy":"post_tag","embeddable":true,"href":"https:\/\/wgphoto.pl\/t\/index.php?rest_route=%2Fwp%2Fv2%2Ftags&post=11907"}],"curies":[{"name":"wp","href":"https:\/\/api.w.org\/{rel}","templated":true}]}}