{"id":11946,"date":"2025-02-09T23:45:30","date_gmt":"2025-02-09T22:45:30","guid":{"rendered":"https:\/\/wgphoto.pl\/t\/?p=11946"},"modified":"2025-02-09T23:45:30","modified_gmt":"2025-02-09T22:45:30","slug":"st43-396-wysoczany-mokre-mlp","status":"publish","type":"post","link":"https:\/\/wgphoto.pl\/t\/?p=11946","title":{"rendered":"ST43-396, Wysoczany &#8211; Mokre M\u0142p."},"content":{"rendered":"\n<figure class=\"wp-block-image aligncenter size-full\"><img loading=\"lazy\" decoding=\"async\" width=\"1300\" height=\"870\" src=\"https:\/\/wgphoto.pl\/t\/wp-content\/uploads\/2025\/02\/imgp5142.jpg\" alt=\"\" class=\"wp-image-11947\" srcset=\"https:\/\/wgphoto.pl\/t\/wp-content\/uploads\/2025\/02\/imgp5142.jpg 1300w, https:\/\/wgphoto.pl\/t\/wp-content\/uploads\/2025\/02\/imgp5142-300x201.jpg 300w, https:\/\/wgphoto.pl\/t\/wp-content\/uploads\/2025\/02\/imgp5142-768x514.jpg 768w\" sizes=\"auto, (max-width: 1300px) 100vw, 1300px\" \/><\/figure>\n\n\n\n<div class=\"wp-block-group has-global-padding is-layout-constrained wp-block-group-is-layout-constrained\">\n<p>ST43-396 ze zwartym sk\u0142adem w\u0119glarek na haku pokonuje w pierwszych kroplach porannej ulewy odcinek z Wysoczan do Mokrego, wiod\u0105cy wzd\u0142u\u017c koryta Os\u0142awy. 2010-07-24<\/p>\n<\/div>\n","protected":false},"excerpt":{"rendered":"<p>ST43-396 ze zwartym sk\u0142adem w\u0119glarek na haku pokonuje w pierwszych kroplach porannej ulewy odcinek z Wysoczan do Mokrego, wiod\u0105cy wzd\u0142u\u017c koryta Os\u0142awy. 2010-07-24<\/p>\n","protected":false},"author":1,"featured_media":11947,"comment_status":"open","ping_status":"","sticky":false,"template":"","format":"standard","meta":{"footnotes":""},"categories":[2,86],"tags":[2435,13,343,63,341,27,73,64,344,3150],"class_list":["post-11946","post","type-post","status-publish","format-standard","has-post-thumbnail","hentry","category-kolej","category-rok-2010","tag-2010-07-24","tag-deszcz","tag-mokre-malopolskie","tag-pkp","tag-podkarpacie-2010","tag-polska","tag-rzeka","tag-st43","tag-tab-pl134","tag-wysoczany"],"_links":{"self":[{"href":"https:\/\/wgphoto.pl\/t\/index.php?rest_route=\/wp\/v2\/posts\/11946","targetHints":{"allow":["GET"]}}],"collection":[{"href":"https:\/\/wgphoto.pl\/t\/index.php?rest_route=\/wp\/v2\/posts"}],"about":[{"href":"https:\/\/wgphoto.pl\/t\/index.php?rest_route=\/wp\/v2\/types\/post"}],"author":[{"embeddable":true,"href":"https:\/\/wgphoto.pl\/t\/index.php?rest_route=\/wp\/v2\/users\/1"}],"replies":[{"embeddable":true,"href":"https:\/\/wgphoto.pl\/t\/index.php?rest_route=%2Fwp%2Fv2%2Fcomments&post=11946"}],"version-history":[{"count":1,"href":"https:\/\/wgphoto.pl\/t\/index.php?rest_route=\/wp\/v2\/posts\/11946\/revisions"}],"predecessor-version":[{"id":11948,"href":"https:\/\/wgphoto.pl\/t\/index.php?rest_route=\/wp\/v2\/posts\/11946\/revisions\/11948"}],"wp:featuredmedia":[{"embeddable":true,"href":"https:\/\/wgphoto.pl\/t\/index.php?rest_route=\/wp\/v2\/media\/11947"}],"wp:attachment":[{"href":"https:\/\/wgphoto.pl\/t\/index.php?rest_route=%2Fwp%2Fv2%2Fmedia&parent=11946"}],"wp:term":[{"taxonomy":"category","embeddable":true,"href":"https:\/\/wgphoto.pl\/t\/index.php?rest_route=%2Fwp%2Fv2%2Fcategories&post=11946"},{"taxonomy":"post_tag","embeddable":true,"href":"https:\/\/wgphoto.pl\/t\/index.php?rest_route=%2Fwp%2Fv2%2Ftags&post=11946"}],"curies":[{"name":"wp","href":"https:\/\/api.w.org\/{rel}","templated":true}]}}