{"id":11973,"date":"2025-02-11T19:26:16","date_gmt":"2025-02-11T18:26:16","guid":{"rendered":"https:\/\/wgphoto.pl\/t\/?p=11973"},"modified":"2025-02-11T19:26:16","modified_gmt":"2025-02-11T18:26:16","slug":"zoltek-wyjezdza-z-dusznik","status":"publish","type":"post","link":"https:\/\/wgphoto.pl\/t\/?p=11973","title":{"rendered":"\u017b\u00f3\u0142tek wyje\u017cd\u017ca z Dusznik"},"content":{"rendered":"\n<figure class=\"wp-block-image aligncenter size-full\"><img loading=\"lazy\" decoding=\"async\" width=\"800\" height=\"1000\" src=\"https:\/\/wgphoto.pl\/t\/wp-content\/uploads\/2025\/02\/imgp6352.jpg\" alt=\"\" class=\"wp-image-11974\" srcset=\"https:\/\/wgphoto.pl\/t\/wp-content\/uploads\/2025\/02\/imgp6352.jpg 800w, https:\/\/wgphoto.pl\/t\/wp-content\/uploads\/2025\/02\/imgp6352-240x300.jpg 240w, https:\/\/wgphoto.pl\/t\/wp-content\/uploads\/2025\/02\/imgp6352-768x960.jpg 768w\" sizes=\"auto, (max-width: 800px) 100vw, 800px\" \/><\/figure>\n\n\n\n<div class=\"wp-block-group has-global-padding is-layout-constrained wp-block-group-is-layout-constrained\">\n<p>Poc. osob. 3313 rel. K\u0142odzko G\u0142. &#8211; Kudowa-Zdr\u00f3j wjecha\u0142 na szlak do Kudowy-Zdroju, zostawiaj\u0105c za sob\u0105 zabudowania Dusznik-Zdroju. 2009-07-04<\/p>\n<\/div>\n","protected":false},"excerpt":{"rendered":"<p>Poc. osob. 3313 rel. K\u0142odzko G\u0142. &#8211; Kudowa-Zdr\u00f3j wjecha\u0142 na szlak do Kudowy-Zdroju, zostawiaj\u0105c za sob\u0105 zabudowania Dusznik-Zdroju. 2009-07-04<\/p>\n","protected":false},"author":1,"featured_media":11974,"comment_status":"open","ping_status":"","sticky":false,"template":"","format":"standard","meta":{"footnotes":""},"categories":[2,128,169],"tags":[1762,1604,114,113,63,27,385,383],"class_list":["post-11973","post","type-post","status-publish","format-standard","has-post-thumbnail","hentry","category-kolej","category-pionowe","category-rok-2009","tag-2009-07-04","tag-duszniki-zdroj","tag-gory","tag-landszaft","tag-pkp","tag-polska","tag-sp32","tag-tab-pl230"],"_links":{"self":[{"href":"https:\/\/wgphoto.pl\/t\/index.php?rest_route=\/wp\/v2\/posts\/11973","targetHints":{"allow":["GET"]}}],"collection":[{"href":"https:\/\/wgphoto.pl\/t\/index.php?rest_route=\/wp\/v2\/posts"}],"about":[{"href":"https:\/\/wgphoto.pl\/t\/index.php?rest_route=\/wp\/v2\/types\/post"}],"author":[{"embeddable":true,"href":"https:\/\/wgphoto.pl\/t\/index.php?rest_route=\/wp\/v2\/users\/1"}],"replies":[{"embeddable":true,"href":"https:\/\/wgphoto.pl\/t\/index.php?rest_route=%2Fwp%2Fv2%2Fcomments&post=11973"}],"version-history":[{"count":1,"href":"https:\/\/wgphoto.pl\/t\/index.php?rest_route=\/wp\/v2\/posts\/11973\/revisions"}],"predecessor-version":[{"id":11975,"href":"https:\/\/wgphoto.pl\/t\/index.php?rest_route=\/wp\/v2\/posts\/11973\/revisions\/11975"}],"wp:featuredmedia":[{"embeddable":true,"href":"https:\/\/wgphoto.pl\/t\/index.php?rest_route=\/wp\/v2\/media\/11974"}],"wp:attachment":[{"href":"https:\/\/wgphoto.pl\/t\/index.php?rest_route=%2Fwp%2Fv2%2Fmedia&parent=11973"}],"wp:term":[{"taxonomy":"category","embeddable":true,"href":"https:\/\/wgphoto.pl\/t\/index.php?rest_route=%2Fwp%2Fv2%2Fcategories&post=11973"},{"taxonomy":"post_tag","embeddable":true,"href":"https:\/\/wgphoto.pl\/t\/index.php?rest_route=%2Fwp%2Fv2%2Ftags&post=11973"}],"curies":[{"name":"wp","href":"https:\/\/api.w.org\/{rel}","templated":true}]}}