{"id":11979,"date":"2025-02-11T19:28:08","date_gmt":"2025-02-11T18:28:08","guid":{"rendered":"https:\/\/wgphoto.pl\/t\/?p=11979"},"modified":"2025-02-11T19:28:08","modified_gmt":"2025-02-11T18:28:08","slug":"zwiedzanie-kamiennej-gory-w-cenie-biletu","status":"publish","type":"post","link":"https:\/\/wgphoto.pl\/t\/?p=11979","title":{"rendered":"Zwiedzanie Kamiennej G\u00f3ry w cenie biletu"},"content":{"rendered":"\n<figure class=\"wp-block-image aligncenter size-full\"><img loading=\"lazy\" decoding=\"async\" width=\"1300\" height=\"870\" src=\"https:\/\/wgphoto.pl\/t\/wp-content\/uploads\/2025\/02\/imgp8577.jpg\" alt=\"\" class=\"wp-image-11980\" srcset=\"https:\/\/wgphoto.pl\/t\/wp-content\/uploads\/2025\/02\/imgp8577.jpg 1300w, https:\/\/wgphoto.pl\/t\/wp-content\/uploads\/2025\/02\/imgp8577-300x201.jpg 300w, https:\/\/wgphoto.pl\/t\/wp-content\/uploads\/2025\/02\/imgp8577-768x514.jpg 768w\" sizes=\"auto, (max-width: 1300px) 100vw, 1300px\" \/><\/figure>\n\n\n\n<div class=\"wp-block-group has-global-padding is-layout-constrained wp-block-group-is-layout-constrained\">\n<p>SA109-003 jako poc. 66216 rel. Wroc\u0142aw G\u0142. &#8211; Lubawka (- Trutnov hl.n.) odbywa blisko 20-minutowy post\u00f3j na stacji w Kamiennej G\u00f3rze, spowodowany r\u00f3wnaniem czasu zyskanego dzi\u0119ki podniesieniu pr\u0119dko\u015bci na linii Wroc\u0142aw &#8211; Jelenia G\u00f3ra. Zapewne z bardzo wa\u017cnych powod\u00f3w nie mo\u017ce tego zrobi\u0107 w S\u0119dzis\u0142awiu i dlatego koncertowo, o trzy minuty, zrywa skomunikowanie z Jeleniej G\u00f3ry do Czech, mijaj\u0105c si\u0119 z kiblem JG &#8211; Wroc\u0142aw na zachodniej g\u0142owicy tej\u017ce stacji. Ofert\u0119 pogarsza dodatkowo KKA, kursuj\u0105ca na odcinku Lubawka &#8211; Trutnov hl.n. stale, od pierwszego kursu tego poci\u0105gu w obecnym rozk\u0142adzie jazdy, o czym oczywi\u015bcie w Polsce ani nawet najmniejszej informacji nie ma (w Czechach za\u015b nie da si\u0119 ich przeoczy\u0107). Pow\u00f3d jest prozaiczny: SA109 nie ma dopuszczenia do ruchu na sieci S\u017dDC (czeski odpowiednik PLK). 2012-06-10<\/p>\n<\/div>\n","protected":false},"excerpt":{"rendered":"<p>SA109-003 jako poc. 66216 rel. Wroc\u0142aw G\u0142. &#8211; Lubawka (- Trutnov hl.n.) odbywa blisko 20-minutowy post\u00f3j na stacji w Kamiennej G\u00f3rze, spowodowany r\u00f3wnaniem czasu zyskanego dzi\u0119ki podniesieniu pr\u0119dko\u015bci na linii Wroc\u0142aw &#8211; Jelenia G\u00f3ra. Zapewne z bardzo wa\u017cnych powod\u00f3w nie mo\u017ce tego zrobi\u0107 w S\u0119dzis\u0142awiu i dlatego koncertowo, o trzy minuty, zrywa skomunikowanie z Jeleniej [&hellip;]<\/p>\n","protected":false},"author":1,"featured_media":11980,"comment_status":"open","ping_status":"","sticky":false,"template":"","format":"standard","meta":{"footnotes":""},"categories":[2,46],"tags":[1821,629,63,27,1780,627],"class_list":["post-11979","post","type-post","status-publish","format-standard","has-post-thumbnail","hentry","category-kolej","category-rok-2012","tag-2012-06-10","tag-kamienna-gora","tag-pkp","tag-polska","tag-sa109","tag-tab-pl247"],"_links":{"self":[{"href":"https:\/\/wgphoto.pl\/t\/index.php?rest_route=\/wp\/v2\/posts\/11979","targetHints":{"allow":["GET"]}}],"collection":[{"href":"https:\/\/wgphoto.pl\/t\/index.php?rest_route=\/wp\/v2\/posts"}],"about":[{"href":"https:\/\/wgphoto.pl\/t\/index.php?rest_route=\/wp\/v2\/types\/post"}],"author":[{"embeddable":true,"href":"https:\/\/wgphoto.pl\/t\/index.php?rest_route=\/wp\/v2\/users\/1"}],"replies":[{"embeddable":true,"href":"https:\/\/wgphoto.pl\/t\/index.php?rest_route=%2Fwp%2Fv2%2Fcomments&post=11979"}],"version-history":[{"count":1,"href":"https:\/\/wgphoto.pl\/t\/index.php?rest_route=\/wp\/v2\/posts\/11979\/revisions"}],"predecessor-version":[{"id":11981,"href":"https:\/\/wgphoto.pl\/t\/index.php?rest_route=\/wp\/v2\/posts\/11979\/revisions\/11981"}],"wp:featuredmedia":[{"embeddable":true,"href":"https:\/\/wgphoto.pl\/t\/index.php?rest_route=\/wp\/v2\/media\/11980"}],"wp:attachment":[{"href":"https:\/\/wgphoto.pl\/t\/index.php?rest_route=%2Fwp%2Fv2%2Fmedia&parent=11979"}],"wp:term":[{"taxonomy":"category","embeddable":true,"href":"https:\/\/wgphoto.pl\/t\/index.php?rest_route=%2Fwp%2Fv2%2Fcategories&post=11979"},{"taxonomy":"post_tag","embeddable":true,"href":"https:\/\/wgphoto.pl\/t\/index.php?rest_route=%2Fwp%2Fv2%2Ftags&post=11979"}],"curies":[{"name":"wp","href":"https:\/\/api.w.org\/{rel}","templated":true}]}}