{"id":11985,"date":"2025-02-11T19:30:02","date_gmt":"2025-02-11T18:30:02","guid":{"rendered":"https:\/\/wgphoto.pl\/t\/?p=11985"},"modified":"2025-02-11T19:30:02","modified_gmt":"2025-02-11T18:30:02","slug":"motorakiem-do-skalnego-miasta","status":"publish","type":"post","link":"https:\/\/wgphoto.pl\/t\/?p=11985","title":{"rendered":"Motorakiem do skalnego miasta"},"content":{"rendered":"\n<figure class=\"wp-block-image aligncenter size-full\"><img loading=\"lazy\" decoding=\"async\" width=\"1200\" height=\"803\" src=\"https:\/\/wgphoto.pl\/t\/wp-content\/uploads\/2025\/02\/imgp8612-2.jpg\" alt=\"\" class=\"wp-image-11986\" srcset=\"https:\/\/wgphoto.pl\/t\/wp-content\/uploads\/2025\/02\/imgp8612-2.jpg 1200w, https:\/\/wgphoto.pl\/t\/wp-content\/uploads\/2025\/02\/imgp8612-2-300x201.jpg 300w, https:\/\/wgphoto.pl\/t\/wp-content\/uploads\/2025\/02\/imgp8612-2-768x514.jpg 768w\" sizes=\"auto, (max-width: 1200px) 100vw, 1200px\" \/><\/figure>\n\n\n\n<div class=\"wp-block-group has-global-padding is-layout-constrained wp-block-group-is-layout-constrained\">\n<p>810 655-1 z doczep\u0105 jako poc. 15759 rel. Trutnov hl.n. &#8211; Teplice nad Metuj\u00ed zbli\u017ca si\u0119 do Adr\u0161pachu. Linia kolejowa z Trutnova do Teplic okr\u0105\u017ca skalne miasto na kilkunastokilometrowym odcinku, ale tylko w tym miejscu mo\u017cna sfotografowa\u0107 poci\u0105g na tle popularnych piaskowc\u00f3w. 2012-06-10<\/p>\n<\/div>\n","protected":false},"excerpt":{"rendered":"<p>810 655-1 z doczep\u0105 jako poc. 15759 rel. Trutnov hl.n. &#8211; Teplice nad Metuj\u00ed zbli\u017ca si\u0119 do Adr\u0161pachu. Linia kolejowa z Trutnova do Teplic okr\u0105\u017ca skalne miasto na kilkunastokilometrowym odcinku, ale tylko w tym miejscu mo\u017cna sfotografowa\u0107 poci\u0105g na tle popularnych piaskowc\u00f3w. 2012-06-10<\/p>\n","protected":false},"author":1,"featured_media":11986,"comment_status":"open","ping_status":"","sticky":false,"template":"","format":"standard","meta":{"footnotes":""},"categories":[2,46],"tags":[1821,92,1820,50,49,196,244,3157],"class_list":["post-11985","post","type-post","status-publish","format-standard","has-post-thumbnail","hentry","category-kolej","category-rok-2012","tag-2012-06-10","tag-92","tag-adrspach","tag-cd","tag-czechy","tag-linie-raczej-lokalne","tag-skaly","tag-tab-cz47"],"_links":{"self":[{"href":"https:\/\/wgphoto.pl\/t\/index.php?rest_route=\/wp\/v2\/posts\/11985","targetHints":{"allow":["GET"]}}],"collection":[{"href":"https:\/\/wgphoto.pl\/t\/index.php?rest_route=\/wp\/v2\/posts"}],"about":[{"href":"https:\/\/wgphoto.pl\/t\/index.php?rest_route=\/wp\/v2\/types\/post"}],"author":[{"embeddable":true,"href":"https:\/\/wgphoto.pl\/t\/index.php?rest_route=\/wp\/v2\/users\/1"}],"replies":[{"embeddable":true,"href":"https:\/\/wgphoto.pl\/t\/index.php?rest_route=%2Fwp%2Fv2%2Fcomments&post=11985"}],"version-history":[{"count":1,"href":"https:\/\/wgphoto.pl\/t\/index.php?rest_route=\/wp\/v2\/posts\/11985\/revisions"}],"predecessor-version":[{"id":11987,"href":"https:\/\/wgphoto.pl\/t\/index.php?rest_route=\/wp\/v2\/posts\/11985\/revisions\/11987"}],"wp:featuredmedia":[{"embeddable":true,"href":"https:\/\/wgphoto.pl\/t\/index.php?rest_route=\/wp\/v2\/media\/11986"}],"wp:attachment":[{"href":"https:\/\/wgphoto.pl\/t\/index.php?rest_route=%2Fwp%2Fv2%2Fmedia&parent=11985"}],"wp:term":[{"taxonomy":"category","embeddable":true,"href":"https:\/\/wgphoto.pl\/t\/index.php?rest_route=%2Fwp%2Fv2%2Fcategories&post=11985"},{"taxonomy":"post_tag","embeddable":true,"href":"https:\/\/wgphoto.pl\/t\/index.php?rest_route=%2Fwp%2Fv2%2Ftags&post=11985"}],"curies":[{"name":"wp","href":"https:\/\/api.w.org\/{rel}","templated":true}]}}