{"id":11997,"date":"2025-02-11T19:35:15","date_gmt":"2025-02-11T18:35:15","guid":{"rendered":"https:\/\/wgphoto.pl\/t\/?p=11997"},"modified":"2025-02-11T19:35:15","modified_gmt":"2025-02-11T18:35:15","slug":"kontenery-do-obwodu-ii","status":"publish","type":"post","link":"https:\/\/wgphoto.pl\/t\/?p=11997","title":{"rendered":"Kontenery do Obwodu II"},"content":{"rendered":"\n<figure class=\"wp-block-image aligncenter size-full\"><img loading=\"lazy\" decoding=\"async\" width=\"1300\" height=\"870\" src=\"https:\/\/wgphoto.pl\/t\/wp-content\/uploads\/2025\/02\/imgp6967.jpg\" alt=\"\" class=\"wp-image-11998\" srcset=\"https:\/\/wgphoto.pl\/t\/wp-content\/uploads\/2025\/02\/imgp6967.jpg 1300w, https:\/\/wgphoto.pl\/t\/wp-content\/uploads\/2025\/02\/imgp6967-300x201.jpg 300w, https:\/\/wgphoto.pl\/t\/wp-content\/uploads\/2025\/02\/imgp6967-768x514.jpg 768w\" sizes=\"auto, (max-width: 1300px) 100vw, 1300px\" \/><\/figure>\n\n\n\n<div class=\"wp-block-group has-global-padding is-layout-constrained wp-block-group-is-layout-constrained\">\n<p>SM42-435 z kontenerami rusza po zako\u0144czonej odprawie z granicznej stacji w Skandawie na szlak do rosyjskiego \u017beleznodoro\u017cnogo. 2009-07-14<\/p>\n<\/div>\n","protected":false},"excerpt":{"rendered":"<p>SM42-435 z kontenerami rusza po zako\u0144czonej odprawie z granicznej stacji w Skandawie na szlak do rosyjskiego \u017beleznodoro\u017cnogo. 2009-07-14<\/p>\n","protected":false},"author":1,"featured_media":11998,"comment_status":"open","ping_status":"","sticky":false,"template":"","format":"standard","meta":{"footnotes":""},"categories":[2,169],"tags":[1368,63,27,176,3161,473,53,3160,533],"class_list":["post-11997","post","type-post","status-publish","format-standard","has-post-thumbnail","hentry","category-kolej","category-rok-2009","tag-2009-07-14","tag-pkp","tag-polska","tag-rano","tag-skandawa","tag-sm42","tag-sygnalizacja-ksztaltowa","tag-tab-pl507","tag-z-sokolki-do-mlynar-2009"],"_links":{"self":[{"href":"https:\/\/wgphoto.pl\/t\/index.php?rest_route=\/wp\/v2\/posts\/11997","targetHints":{"allow":["GET"]}}],"collection":[{"href":"https:\/\/wgphoto.pl\/t\/index.php?rest_route=\/wp\/v2\/posts"}],"about":[{"href":"https:\/\/wgphoto.pl\/t\/index.php?rest_route=\/wp\/v2\/types\/post"}],"author":[{"embeddable":true,"href":"https:\/\/wgphoto.pl\/t\/index.php?rest_route=\/wp\/v2\/users\/1"}],"replies":[{"embeddable":true,"href":"https:\/\/wgphoto.pl\/t\/index.php?rest_route=%2Fwp%2Fv2%2Fcomments&post=11997"}],"version-history":[{"count":1,"href":"https:\/\/wgphoto.pl\/t\/index.php?rest_route=\/wp\/v2\/posts\/11997\/revisions"}],"predecessor-version":[{"id":11999,"href":"https:\/\/wgphoto.pl\/t\/index.php?rest_route=\/wp\/v2\/posts\/11997\/revisions\/11999"}],"wp:featuredmedia":[{"embeddable":true,"href":"https:\/\/wgphoto.pl\/t\/index.php?rest_route=\/wp\/v2\/media\/11998"}],"wp:attachment":[{"href":"https:\/\/wgphoto.pl\/t\/index.php?rest_route=%2Fwp%2Fv2%2Fmedia&parent=11997"}],"wp:term":[{"taxonomy":"category","embeddable":true,"href":"https:\/\/wgphoto.pl\/t\/index.php?rest_route=%2Fwp%2Fv2%2Fcategories&post=11997"},{"taxonomy":"post_tag","embeddable":true,"href":"https:\/\/wgphoto.pl\/t\/index.php?rest_route=%2Fwp%2Fv2%2Ftags&post=11997"}],"curies":[{"name":"wp","href":"https:\/\/api.w.org\/{rel}","templated":true}]}}