{"id":12006,"date":"2025-02-11T19:38:18","date_gmt":"2025-02-11T18:38:18","guid":{"rendered":"https:\/\/wgphoto.pl\/t\/?p=12006"},"modified":"2025-02-11T19:38:18","modified_gmt":"2025-02-11T18:38:18","slug":"duma-wroclawia","status":"publish","type":"post","link":"https:\/\/wgphoto.pl\/t\/?p=12006","title":{"rendered":"Duma Wroc\u0142awia"},"content":{"rendered":"\n<figure class=\"wp-block-image aligncenter size-full\"><img loading=\"lazy\" decoding=\"async\" width=\"900\" height=\"600\" src=\"https:\/\/wgphoto.pl\/t\/wp-content\/uploads\/2025\/02\/imgp8681.jpg\" alt=\"\" class=\"wp-image-12007\" srcset=\"https:\/\/wgphoto.pl\/t\/wp-content\/uploads\/2025\/02\/imgp8681.jpg 900w, https:\/\/wgphoto.pl\/t\/wp-content\/uploads\/2025\/02\/imgp8681-300x200.jpg 300w, https:\/\/wgphoto.pl\/t\/wp-content\/uploads\/2025\/02\/imgp8681-768x512.jpg 768w\" sizes=\"auto, (max-width: 900px) 100vw, 900px\" \/><\/figure>\n\n\n\n<div class=\"wp-block-group has-global-padding is-layout-constrained wp-block-group-is-layout-constrained\">\n<p>Wagon 3113 zmieni\u0142 ju\u017c kierunek jazdy i za chwil\u0119 podstawi si\u0119 na pocz\u0105tkowy przystanek linii 31PLUS o nazwie Stadion Wroc\u0142aw (Kr\u00f3lewiecka). Na wspomnianym obiekcie testowana jest w\u0142a\u015bnie iluminacja fasady, kt\u00f3ra mo\u017ce by\u0107 pod\u015bwietlana na wszystkie kolory t\u0119czy, na dow\u00f3d czego w momencie robienia zdj\u0119cia w\u0142a\u015bnie taka t\u0119cza &#8222;je\u017adzi\u0142a&#8221; dooko\u0142a stadionu. 13.06.2012<\/p>\n<\/div>\n","protected":false},"excerpt":{"rendered":"<p>Wagon 3113 zmieni\u0142 ju\u017c kierunek jazdy i za chwil\u0119 podstawi si\u0119 na pocz\u0105tkowy przystanek linii 31PLUS o nazwie Stadion Wroc\u0142aw (Kr\u00f3lewiecka). Na wspomnianym obiekcie testowana jest w\u0142a\u015bnie iluminacja fasady, kt\u00f3ra mo\u017ce by\u0107 pod\u015bwietlana na wszystkie kolory t\u0119czy, na dow\u00f3d czego w momencie robienia zdj\u0119cia w\u0142a\u015bnie taka t\u0119cza &#8222;je\u017adzi\u0142a&#8221; dooko\u0142a stadionu. 13.06.2012<\/p>\n","protected":false},"author":1,"featured_media":12007,"comment_status":"open","ping_status":"","sticky":false,"template":"","format":"standard","meta":{"footnotes":""},"categories":[46,3],"tags":[3163,42,154,27,1493,216,439,90,41],"class_list":["post-12006","post","type-post","status-publish","format-standard","has-post-thumbnail","hentry","category-rok-2012","category-tramwaj","tag-2012-06-13","tag-mpk-wroclaw","tag-noc","tag-polska","tag-skoda-19t","tag-skoda-elektra","tag-we-fabryce","tag-wieczorem","tag-wroclaw"],"_links":{"self":[{"href":"https:\/\/wgphoto.pl\/t\/index.php?rest_route=\/wp\/v2\/posts\/12006","targetHints":{"allow":["GET"]}}],"collection":[{"href":"https:\/\/wgphoto.pl\/t\/index.php?rest_route=\/wp\/v2\/posts"}],"about":[{"href":"https:\/\/wgphoto.pl\/t\/index.php?rest_route=\/wp\/v2\/types\/post"}],"author":[{"embeddable":true,"href":"https:\/\/wgphoto.pl\/t\/index.php?rest_route=\/wp\/v2\/users\/1"}],"replies":[{"embeddable":true,"href":"https:\/\/wgphoto.pl\/t\/index.php?rest_route=%2Fwp%2Fv2%2Fcomments&post=12006"}],"version-history":[{"count":1,"href":"https:\/\/wgphoto.pl\/t\/index.php?rest_route=\/wp\/v2\/posts\/12006\/revisions"}],"predecessor-version":[{"id":12008,"href":"https:\/\/wgphoto.pl\/t\/index.php?rest_route=\/wp\/v2\/posts\/12006\/revisions\/12008"}],"wp:featuredmedia":[{"embeddable":true,"href":"https:\/\/wgphoto.pl\/t\/index.php?rest_route=\/wp\/v2\/media\/12007"}],"wp:attachment":[{"href":"https:\/\/wgphoto.pl\/t\/index.php?rest_route=%2Fwp%2Fv2%2Fmedia&parent=12006"}],"wp:term":[{"taxonomy":"category","embeddable":true,"href":"https:\/\/wgphoto.pl\/t\/index.php?rest_route=%2Fwp%2Fv2%2Fcategories&post=12006"},{"taxonomy":"post_tag","embeddable":true,"href":"https:\/\/wgphoto.pl\/t\/index.php?rest_route=%2Fwp%2Fv2%2Ftags&post=12006"}],"curies":[{"name":"wp","href":"https:\/\/api.w.org\/{rel}","templated":true}]}}