{"id":12009,"date":"2025-02-11T19:39:45","date_gmt":"2025-02-11T18:39:45","guid":{"rendered":"https:\/\/wgphoto.pl\/t\/?p=12009"},"modified":"2025-02-11T19:39:45","modified_gmt":"2025-02-11T18:39:45","slug":"jedna-jednostka-wagonowa","status":"publish","type":"post","link":"https:\/\/wgphoto.pl\/t\/?p=12009","title":{"rendered":"Jedna jednostka wagonowa"},"content":{"rendered":"\n<figure class=\"wp-block-image aligncenter size-full\"><img loading=\"lazy\" decoding=\"async\" width=\"900\" height=\"579\" src=\"https:\/\/wgphoto.pl\/t\/wp-content\/uploads\/2025\/02\/imgp6200-10.jpg\" alt=\"\" class=\"wp-image-12010\" srcset=\"https:\/\/wgphoto.pl\/t\/wp-content\/uploads\/2025\/02\/imgp6200-10.jpg 900w, https:\/\/wgphoto.pl\/t\/wp-content\/uploads\/2025\/02\/imgp6200-10-300x193.jpg 300w, https:\/\/wgphoto.pl\/t\/wp-content\/uploads\/2025\/02\/imgp6200-10-768x494.jpg 768w\" sizes=\"auto, (max-width: 900px) 100vw, 900px\" \/><\/figure>\n\n\n\n<div class=\"wp-block-group has-global-padding is-layout-constrained wp-block-group-is-layout-constrained\">\n<p>210 037-8 z przyspieszonym poci\u0105giem 1937 &#8222;Vltavsk\u00fd vod\u00e1k&#8221; relacji \u010cesk\u00e9 Bud\u011bjovice &#8211; Rybn\u00edk mija bez zatrzymania stacj\u0119 Vele\u0161\u00edn. Wojew\u00f3dztwo Po\u0142udniowoczeskie by\u0142o w\u00f3wczas jednym z trzech miejsc w Czechach (obok linii \u00dast\u00ed nad Orlic\u00ed &#8211; Lichkov oraz T\u00e1bor &#8211; Bechyn\u011b), gdzie zatrudniano \u017celazka w ruchu pasa\u017cerskim &#8211; warto doda\u0107, \u017ce w ka\u017cdej lokalizacji by\u0142y to maszyny na inny system zasilania (odpowiednio 25 kV AC, 3 kV DC i 1,5 kV DC). Obecnie (opis z 2012) z tak\u0105 obs\u0142ug\u0105 mo\u017cna si\u0119 spotka\u0107 tylko w rejonie \u010cesk\u00fdch Bud\u011bjovic. 2010-08-23<\/p>\n<\/div>\n","protected":false},"excerpt":{"rendered":"<p>210 037-8 z przyspieszonym poci\u0105giem 1937 &#8222;Vltavsk\u00fd vod\u00e1k&#8221; relacji \u010cesk\u00e9 Bud\u011bjovice &#8211; Rybn\u00edk mija bez zatrzymania stacj\u0119 Vele\u0161\u00edn. Wojew\u00f3dztwo Po\u0142udniowoczeskie by\u0142o w\u00f3wczas jednym z trzech miejsc w Czechach (obok linii \u00dast\u00ed nad Orlic\u00ed &#8211; Lichkov oraz T\u00e1bor &#8211; Bechyn\u011b), gdzie zatrudniano \u017celazka w ruchu pasa\u017cerskim &#8211; warto doda\u0107, \u017ce w ka\u017cdej lokalizacji by\u0142y to maszyny [&hellip;]<\/p>\n","protected":false},"author":1,"featured_media":12010,"comment_status":"open","ping_status":"","sticky":false,"template":"","format":"standard","meta":{"footnotes":""},"categories":[2,86],"tags":[1039,306,50,49,1057,3164],"class_list":["post-12009","post","type-post","status-publish","format-standard","has-post-thumbnail","hentry","category-kolej","category-rok-2010","tag-2010-08-23","tag-306","tag-cd","tag-czechy","tag-tab-cz196","tag-velesin"],"_links":{"self":[{"href":"https:\/\/wgphoto.pl\/t\/index.php?rest_route=\/wp\/v2\/posts\/12009","targetHints":{"allow":["GET"]}}],"collection":[{"href":"https:\/\/wgphoto.pl\/t\/index.php?rest_route=\/wp\/v2\/posts"}],"about":[{"href":"https:\/\/wgphoto.pl\/t\/index.php?rest_route=\/wp\/v2\/types\/post"}],"author":[{"embeddable":true,"href":"https:\/\/wgphoto.pl\/t\/index.php?rest_route=\/wp\/v2\/users\/1"}],"replies":[{"embeddable":true,"href":"https:\/\/wgphoto.pl\/t\/index.php?rest_route=%2Fwp%2Fv2%2Fcomments&post=12009"}],"version-history":[{"count":1,"href":"https:\/\/wgphoto.pl\/t\/index.php?rest_route=\/wp\/v2\/posts\/12009\/revisions"}],"predecessor-version":[{"id":12011,"href":"https:\/\/wgphoto.pl\/t\/index.php?rest_route=\/wp\/v2\/posts\/12009\/revisions\/12011"}],"wp:featuredmedia":[{"embeddable":true,"href":"https:\/\/wgphoto.pl\/t\/index.php?rest_route=\/wp\/v2\/media\/12010"}],"wp:attachment":[{"href":"https:\/\/wgphoto.pl\/t\/index.php?rest_route=%2Fwp%2Fv2%2Fmedia&parent=12009"}],"wp:term":[{"taxonomy":"category","embeddable":true,"href":"https:\/\/wgphoto.pl\/t\/index.php?rest_route=%2Fwp%2Fv2%2Fcategories&post=12009"},{"taxonomy":"post_tag","embeddable":true,"href":"https:\/\/wgphoto.pl\/t\/index.php?rest_route=%2Fwp%2Fv2%2Ftags&post=12009"}],"curies":[{"name":"wp","href":"https:\/\/api.w.org\/{rel}","templated":true}]}}