{"id":12018,"date":"2025-02-11T19:46:33","date_gmt":"2025-02-11T18:46:33","guid":{"rendered":"https:\/\/wgphoto.pl\/t\/?p=12018"},"modified":"2025-02-11T19:46:33","modified_gmt":"2025-02-11T18:46:33","slug":"wladyslawskie-luki-ii","status":"publish","type":"post","link":"https:\/\/wgphoto.pl\/t\/?p=12018","title":{"rendered":"W\u0142adys\u0142awskie \u0142uki II"},"content":{"rendered":"\n<figure class=\"wp-block-image aligncenter size-full\"><img loading=\"lazy\" decoding=\"async\" width=\"1200\" height=\"803\" src=\"https:\/\/wgphoto.pl\/t\/wp-content\/uploads\/2025\/02\/imgp7849.jpg\" alt=\"\" class=\"wp-image-12019\" srcset=\"https:\/\/wgphoto.pl\/t\/wp-content\/uploads\/2025\/02\/imgp7849.jpg 1200w, https:\/\/wgphoto.pl\/t\/wp-content\/uploads\/2025\/02\/imgp7849-300x201.jpg 300w, https:\/\/wgphoto.pl\/t\/wp-content\/uploads\/2025\/02\/imgp7849-768x514.jpg 768w\" sizes=\"auto, (max-width: 1200px) 100vw, 1200px\" \/><\/figure>\n\n\n\n<div class=\"wp-block-group has-global-padding is-layout-constrained wp-block-group-is-layout-constrained\">\n<p>Szlak Studenec &#8211; Vladislav. Nurek 754 066-9 prowadzi pierwszy w dobie rychl\u00edk z Brna do Pilzna &#8211; 660 &#8222;Ro\u017emberk&#8221;. Ta g\u0142\u00f3wna trasa po\u0142udniowych Czech o przebiegu r\u00f3wnole\u017cnikowym \u0142\u0105czy cztery miasta wojew\u00f3dzkie. Alternatyw\u0105 dla niej jest w\u0142a\u015bciwie tylko jazda magistralami przez Prag\u0119. Podr\u00f3\u017c z Brna do Pilzna przez Jihlav\u0119 i Czeskie Budziejowice zajmuje ponad 6,5 godziny przy dystansie 372 km. Dla por\u00f3wnania trasa przez Prag\u0119 jest odleg\u0142o\u015bciowo o 4 km kr\u00f3tsza, czasowo za\u015b &#8211; o 1,5 godziny. Poci\u0105gi pospieszne kursuj\u0105 &#8222;tras\u0105 po\u0142udniow\u0105&#8221; przez ca\u0142y dzie\u0144 co dwie godziny, przy czym kursy poranne i wieczorne s\u0105 odpowiednio poskracane. Nie ma natomiast \u017cadnego poci\u0105gu nocnego, a szkoda, bo 7 godzin jazdy to akurat dla nocnego pospiesznego. 2010-09-15<\/p>\n<\/div>\n","protected":false},"excerpt":{"rendered":"<p>Szlak Studenec &#8211; Vladislav. Nurek 754 066-9 prowadzi pierwszy w dobie rychl\u00edk z Brna do Pilzna &#8211; 660 &#8222;Ro\u017emberk&#8221;. Ta g\u0142\u00f3wna trasa po\u0142udniowych Czech o przebiegu r\u00f3wnole\u017cnikowym \u0142\u0105czy cztery miasta wojew\u00f3dzkie. Alternatyw\u0105 dla niej jest w\u0142a\u015bciwie tylko jazda magistralami przez Prag\u0119. Podr\u00f3\u017c z Brna do Pilzna przez Jihlav\u0119 i Czeskie Budziejowice zajmuje ponad 6,5 godziny [&hellip;]<\/p>\n","protected":false},"author":1,"featured_media":12019,"comment_status":"open","ping_status":"","sticky":false,"template":"","format":"standard","meta":{"footnotes":""},"categories":[2,86],"tags":[1356,335,50,49,118,176,181,1355,1354,1353],"class_list":["post-12018","post","type-post","status-publish","format-standard","has-post-thumbnail","hentry","category-kolej","category-rok-2010","tag-2010-09-15","tag-335","tag-cd","tag-czechy","tag-plany-i-profile","tag-rano","tag-slonce","tag-studenec","tag-tab-cz240","tag-vladislav"],"_links":{"self":[{"href":"https:\/\/wgphoto.pl\/t\/index.php?rest_route=\/wp\/v2\/posts\/12018","targetHints":{"allow":["GET"]}}],"collection":[{"href":"https:\/\/wgphoto.pl\/t\/index.php?rest_route=\/wp\/v2\/posts"}],"about":[{"href":"https:\/\/wgphoto.pl\/t\/index.php?rest_route=\/wp\/v2\/types\/post"}],"author":[{"embeddable":true,"href":"https:\/\/wgphoto.pl\/t\/index.php?rest_route=\/wp\/v2\/users\/1"}],"replies":[{"embeddable":true,"href":"https:\/\/wgphoto.pl\/t\/index.php?rest_route=%2Fwp%2Fv2%2Fcomments&post=12018"}],"version-history":[{"count":1,"href":"https:\/\/wgphoto.pl\/t\/index.php?rest_route=\/wp\/v2\/posts\/12018\/revisions"}],"predecessor-version":[{"id":12020,"href":"https:\/\/wgphoto.pl\/t\/index.php?rest_route=\/wp\/v2\/posts\/12018\/revisions\/12020"}],"wp:featuredmedia":[{"embeddable":true,"href":"https:\/\/wgphoto.pl\/t\/index.php?rest_route=\/wp\/v2\/media\/12019"}],"wp:attachment":[{"href":"https:\/\/wgphoto.pl\/t\/index.php?rest_route=%2Fwp%2Fv2%2Fmedia&parent=12018"}],"wp:term":[{"taxonomy":"category","embeddable":true,"href":"https:\/\/wgphoto.pl\/t\/index.php?rest_route=%2Fwp%2Fv2%2Fcategories&post=12018"},{"taxonomy":"post_tag","embeddable":true,"href":"https:\/\/wgphoto.pl\/t\/index.php?rest_route=%2Fwp%2Fv2%2Ftags&post=12018"}],"curies":[{"name":"wp","href":"https:\/\/api.w.org\/{rel}","templated":true}]}}