{"id":12021,"date":"2025-02-11T19:48:02","date_gmt":"2025-02-11T18:48:02","guid":{"rendered":"https:\/\/wgphoto.pl\/t\/?p=12021"},"modified":"2025-02-11T19:48:02","modified_gmt":"2025-02-11T18:48:02","slug":"wladyslawskie-luki-iii","status":"publish","type":"post","link":"https:\/\/wgphoto.pl\/t\/?p=12021","title":{"rendered":"W\u0142adys\u0142awskie \u0142uki III"},"content":{"rendered":"\n<figure class=\"wp-block-image aligncenter size-full\"><img loading=\"lazy\" decoding=\"async\" width=\"1300\" height=\"870\" src=\"https:\/\/wgphoto.pl\/t\/wp-content\/uploads\/2025\/02\/imgp7831.jpg\" alt=\"\" class=\"wp-image-12022\" srcset=\"https:\/\/wgphoto.pl\/t\/wp-content\/uploads\/2025\/02\/imgp7831.jpg 1300w, https:\/\/wgphoto.pl\/t\/wp-content\/uploads\/2025\/02\/imgp7831-300x201.jpg 300w, https:\/\/wgphoto.pl\/t\/wp-content\/uploads\/2025\/02\/imgp7831-768x514.jpg 768w\" sizes=\"auto, (max-width: 1300px) 100vw, 1300px\" \/><\/figure>\n\n\n\n<div class=\"wp-block-group has-global-padding is-layout-constrained wp-block-group-is-layout-constrained\">\n<p>Nurek 754 063-6 prowadz\u0105c poci\u0105g osobowy 4805 relacji T\u0159eb\u00ed\u010d &#8211; Brno hl.n. wspina si\u0119 kr\u0119tym szlakiem z Vladislavi do Studence. 2010-09-15<\/p>\n<\/div>\n","protected":false},"excerpt":{"rendered":"<p>Nurek 754 063-6 prowadz\u0105c poci\u0105g osobowy 4805 relacji T\u0159eb\u00ed\u010d &#8211; Brno hl.n. wspina si\u0119 kr\u0119tym szlakiem z Vladislavi do Studence. 2010-09-15<\/p>\n","protected":false},"author":1,"featured_media":12022,"comment_status":"open","ping_status":"","sticky":false,"template":"","format":"standard","meta":{"footnotes":""},"categories":[2,86],"tags":[1356,335,50,49,1355,1354,1353],"class_list":["post-12021","post","type-post","status-publish","format-standard","has-post-thumbnail","hentry","category-kolej","category-rok-2010","tag-2010-09-15","tag-335","tag-cd","tag-czechy","tag-studenec","tag-tab-cz240","tag-vladislav"],"_links":{"self":[{"href":"https:\/\/wgphoto.pl\/t\/index.php?rest_route=\/wp\/v2\/posts\/12021","targetHints":{"allow":["GET"]}}],"collection":[{"href":"https:\/\/wgphoto.pl\/t\/index.php?rest_route=\/wp\/v2\/posts"}],"about":[{"href":"https:\/\/wgphoto.pl\/t\/index.php?rest_route=\/wp\/v2\/types\/post"}],"author":[{"embeddable":true,"href":"https:\/\/wgphoto.pl\/t\/index.php?rest_route=\/wp\/v2\/users\/1"}],"replies":[{"embeddable":true,"href":"https:\/\/wgphoto.pl\/t\/index.php?rest_route=%2Fwp%2Fv2%2Fcomments&post=12021"}],"version-history":[{"count":1,"href":"https:\/\/wgphoto.pl\/t\/index.php?rest_route=\/wp\/v2\/posts\/12021\/revisions"}],"predecessor-version":[{"id":12023,"href":"https:\/\/wgphoto.pl\/t\/index.php?rest_route=\/wp\/v2\/posts\/12021\/revisions\/12023"}],"wp:featuredmedia":[{"embeddable":true,"href":"https:\/\/wgphoto.pl\/t\/index.php?rest_route=\/wp\/v2\/media\/12022"}],"wp:attachment":[{"href":"https:\/\/wgphoto.pl\/t\/index.php?rest_route=%2Fwp%2Fv2%2Fmedia&parent=12021"}],"wp:term":[{"taxonomy":"category","embeddable":true,"href":"https:\/\/wgphoto.pl\/t\/index.php?rest_route=%2Fwp%2Fv2%2Fcategories&post=12021"},{"taxonomy":"post_tag","embeddable":true,"href":"https:\/\/wgphoto.pl\/t\/index.php?rest_route=%2Fwp%2Fv2%2Ftags&post=12021"}],"curies":[{"name":"wp","href":"https:\/\/api.w.org\/{rel}","templated":true}]}}