{"id":12024,"date":"2025-02-11T20:15:06","date_gmt":"2025-02-11T19:15:06","guid":{"rendered":"https:\/\/wgphoto.pl\/t\/?p=12024"},"modified":"2025-02-11T20:15:06","modified_gmt":"2025-02-11T19:15:06","slug":"kamienica-nad-lipa","status":"publish","type":"post","link":"https:\/\/wgphoto.pl\/t\/?p=12024","title":{"rendered":"Kamienica nad Lip\u0105"},"content":{"rendered":"\n<figure class=\"wp-block-image aligncenter size-full\"><img loading=\"lazy\" decoding=\"async\" width=\"1300\" height=\"870\" src=\"https:\/\/wgphoto.pl\/t\/wp-content\/uploads\/2025\/02\/imgp6515.jpg\" alt=\"\" class=\"wp-image-12025\" srcset=\"https:\/\/wgphoto.pl\/t\/wp-content\/uploads\/2025\/02\/imgp6515.jpg 1300w, https:\/\/wgphoto.pl\/t\/wp-content\/uploads\/2025\/02\/imgp6515-300x201.jpg 300w, https:\/\/wgphoto.pl\/t\/wp-content\/uploads\/2025\/02\/imgp6515-768x514.jpg 768w\" sizes=\"auto, (max-width: 1300px) 100vw, 1300px\" \/><\/figure>\n\n\n\n<div class=\"wp-block-group has-global-padding is-layout-constrained wp-block-group-is-layout-constrained\">\n<p>T47-019 z poc. 210 rel. Jind\u0159ich\u016fv Hradec &#8211; Obrata\u0148 w czasie postoju na stacji Kamenice nad Lipou. Dystans 46 km poci\u0105g ten po w\u0105skim torze pokonuje w p\u00f3\u0142torej godziny. Kolej Obrata\u0148 &#8211; Nov\u00e1 Byst\u0159ice jest jedn\u0105 z dw\u00f3ch czeskich w\u0105skotor\u00f3wek, na kt\u00f3rych prowadzony jest ruch pasa\u017cerski. Obs\u0142uguje j\u0105 prywatna sp\u00f3\u0142ka Jind\u0159ichohradeck\u00e9 m\u00edstn\u00ed dr\u00e1hy (JHMD). 2010-08-26<\/p>\n<\/div>\n","protected":false},"excerpt":{"rendered":"<p>T47-019 z poc. 210 rel. Jind\u0159ich\u016fv Hradec &#8211; Obrata\u0148 w czasie postoju na stacji Kamenice nad Lipou. Dystans 46 km poci\u0105g ten po w\u0105skim torze pokonuje w p\u00f3\u0142torej godziny. Kolej Obrata\u0148 &#8211; Nov\u00e1 Byst\u0159ice jest jedn\u0105 z dw\u00f3ch czeskich w\u0105skotor\u00f3wek, na kt\u00f3rych prowadzony jest ruch pasa\u017cerski. Obs\u0142uguje j\u0105 prywatna sp\u00f3\u0142ka Jind\u0159ichohradeck\u00e9 m\u00edstn\u00ed dr\u00e1hy (JHMD). 2010-08-26<\/p>\n","protected":false},"author":1,"featured_media":12025,"comment_status":"open","ping_status":"","sticky":false,"template":"","format":"standard","meta":{"footnotes":""},"categories":[2,86],"tags":[3165,49,3166,3169,3168,3167],"class_list":["post-12024","post","type-post","status-publish","format-standard","has-post-thumbnail","hentry","category-kolej","category-rok-2010","tag-2010-08-26","tag-czechy","tag-jhmd","tag-kamenice-nad-lipou","tag-t47","tag-tab-cz228"],"_links":{"self":[{"href":"https:\/\/wgphoto.pl\/t\/index.php?rest_route=\/wp\/v2\/posts\/12024","targetHints":{"allow":["GET"]}}],"collection":[{"href":"https:\/\/wgphoto.pl\/t\/index.php?rest_route=\/wp\/v2\/posts"}],"about":[{"href":"https:\/\/wgphoto.pl\/t\/index.php?rest_route=\/wp\/v2\/types\/post"}],"author":[{"embeddable":true,"href":"https:\/\/wgphoto.pl\/t\/index.php?rest_route=\/wp\/v2\/users\/1"}],"replies":[{"embeddable":true,"href":"https:\/\/wgphoto.pl\/t\/index.php?rest_route=%2Fwp%2Fv2%2Fcomments&post=12024"}],"version-history":[{"count":1,"href":"https:\/\/wgphoto.pl\/t\/index.php?rest_route=\/wp\/v2\/posts\/12024\/revisions"}],"predecessor-version":[{"id":12026,"href":"https:\/\/wgphoto.pl\/t\/index.php?rest_route=\/wp\/v2\/posts\/12024\/revisions\/12026"}],"wp:featuredmedia":[{"embeddable":true,"href":"https:\/\/wgphoto.pl\/t\/index.php?rest_route=\/wp\/v2\/media\/12025"}],"wp:attachment":[{"href":"https:\/\/wgphoto.pl\/t\/index.php?rest_route=%2Fwp%2Fv2%2Fmedia&parent=12024"}],"wp:term":[{"taxonomy":"category","embeddable":true,"href":"https:\/\/wgphoto.pl\/t\/index.php?rest_route=%2Fwp%2Fv2%2Fcategories&post=12024"},{"taxonomy":"post_tag","embeddable":true,"href":"https:\/\/wgphoto.pl\/t\/index.php?rest_route=%2Fwp%2Fv2%2Ftags&post=12024"}],"curies":[{"name":"wp","href":"https:\/\/api.w.org\/{rel}","templated":true}]}}