{"id":12027,"date":"2025-02-13T19:29:41","date_gmt":"2025-02-13T18:29:41","guid":{"rendered":"https:\/\/wgphoto.pl\/t\/?p=12027"},"modified":"2025-02-13T19:29:41","modified_gmt":"2025-02-13T18:29:41","slug":"marciszow-gorny","status":"publish","type":"post","link":"https:\/\/wgphoto.pl\/t\/?p=12027","title":{"rendered":"Marcisz\u00f3w G\u00f3rny"},"content":{"rendered":"\n<figure class=\"wp-block-image aligncenter size-full\"><img loading=\"lazy\" decoding=\"async\" width=\"1400\" height=\"928\" src=\"https:\/\/wgphoto.pl\/t\/wp-content\/uploads\/2025\/02\/0503-04.jpg\" alt=\"\" class=\"wp-image-12028\" srcset=\"https:\/\/wgphoto.pl\/t\/wp-content\/uploads\/2025\/02\/0503-04.jpg 1400w, https:\/\/wgphoto.pl\/t\/wp-content\/uploads\/2025\/02\/0503-04-300x199.jpg 300w, https:\/\/wgphoto.pl\/t\/wp-content\/uploads\/2025\/02\/0503-04-768x509.jpg 768w\" sizes=\"auto, (max-width: 1400px) 100vw, 1400px\" \/><\/figure>\n\n\n\n<div class=\"wp-block-group has-global-padding is-layout-constrained wp-block-group-is-layout-constrained\">\n<p>ET22-929 mija nieczynny Podg Marcisz\u00f3w G\u00f3rny na szlaku Marcisz\u00f3w &#8211; S\u0119dzis\u0142aw. U do\u0142u kadru widoczne s\u0105 pozosta\u0142o\u015bci tor\u00f3w \u0142\u0105cznicy do Kru\u017cyna i dalej Kamiennej G\u00f3ry. 13.02.2005<\/p>\n<\/div>\n","protected":false},"excerpt":{"rendered":"<p>ET22-929 mija nieczynny Podg Marcisz\u00f3w G\u00f3rny na szlaku Marcisz\u00f3w &#8211; S\u0119dzis\u0142aw. U do\u0142u kadru widoczne s\u0105 pozosta\u0142o\u015bci tor\u00f3w \u0142\u0105cznicy do Kru\u017cyna i dalej Kamiennej G\u00f3ry. 13.02.2005<\/p>\n","protected":false},"author":1,"featured_media":12028,"comment_status":"open","ping_status":"","sticky":false,"template":"","format":"standard","meta":{"footnotes":""},"categories":[62,2,311],"tags":[1172,26,83,63,27,1061,44,200],"class_list":["post-12027","post","type-post","status-publish","format-standard","has-post-thumbnail","hentry","category-analog","category-kolej","category-rok-2005","tag-2005-02-13","tag-et22","tag-marciszow","tag-pkp","tag-polska","tag-sedzislaw","tag-snieg","tag-tab-pl240"],"_links":{"self":[{"href":"https:\/\/wgphoto.pl\/t\/index.php?rest_route=\/wp\/v2\/posts\/12027","targetHints":{"allow":["GET"]}}],"collection":[{"href":"https:\/\/wgphoto.pl\/t\/index.php?rest_route=\/wp\/v2\/posts"}],"about":[{"href":"https:\/\/wgphoto.pl\/t\/index.php?rest_route=\/wp\/v2\/types\/post"}],"author":[{"embeddable":true,"href":"https:\/\/wgphoto.pl\/t\/index.php?rest_route=\/wp\/v2\/users\/1"}],"replies":[{"embeddable":true,"href":"https:\/\/wgphoto.pl\/t\/index.php?rest_route=%2Fwp%2Fv2%2Fcomments&post=12027"}],"version-history":[{"count":1,"href":"https:\/\/wgphoto.pl\/t\/index.php?rest_route=\/wp\/v2\/posts\/12027\/revisions"}],"predecessor-version":[{"id":12029,"href":"https:\/\/wgphoto.pl\/t\/index.php?rest_route=\/wp\/v2\/posts\/12027\/revisions\/12029"}],"wp:featuredmedia":[{"embeddable":true,"href":"https:\/\/wgphoto.pl\/t\/index.php?rest_route=\/wp\/v2\/media\/12028"}],"wp:attachment":[{"href":"https:\/\/wgphoto.pl\/t\/index.php?rest_route=%2Fwp%2Fv2%2Fmedia&parent=12027"}],"wp:term":[{"taxonomy":"category","embeddable":true,"href":"https:\/\/wgphoto.pl\/t\/index.php?rest_route=%2Fwp%2Fv2%2Fcategories&post=12027"},{"taxonomy":"post_tag","embeddable":true,"href":"https:\/\/wgphoto.pl\/t\/index.php?rest_route=%2Fwp%2Fv2%2Ftags&post=12027"}],"curies":[{"name":"wp","href":"https:\/\/api.w.org\/{rel}","templated":true}]}}