{"id":12030,"date":"2025-02-13T19:30:25","date_gmt":"2025-02-13T18:30:25","guid":{"rendered":"https:\/\/wgphoto.pl\/t\/?p=12030"},"modified":"2025-02-13T19:30:25","modified_gmt":"2025-02-13T18:30:25","slug":"et41-195","status":"publish","type":"post","link":"https:\/\/wgphoto.pl\/t\/?p=12030","title":{"rendered":"ET41-195"},"content":{"rendered":"\n<figure class=\"wp-block-image aligncenter size-full\"><img loading=\"lazy\" decoding=\"async\" width=\"1400\" height=\"928\" src=\"https:\/\/wgphoto.pl\/t\/wp-content\/uploads\/2025\/02\/0304-019A.jpg\" alt=\"\" class=\"wp-image-12031\" srcset=\"https:\/\/wgphoto.pl\/t\/wp-content\/uploads\/2025\/02\/0304-019A.jpg 1400w, https:\/\/wgphoto.pl\/t\/wp-content\/uploads\/2025\/02\/0304-019A-300x199.jpg 300w, https:\/\/wgphoto.pl\/t\/wp-content\/uploads\/2025\/02\/0304-019A-768x509.jpg 768w\" sizes=\"auto, (max-width: 1400px) 100vw, 1400px\" \/><\/figure>\n\n\n\n<div class=\"wp-block-group has-global-padding is-layout-constrained wp-block-group-is-layout-constrained\">\n<p>ET41-195 z w\u0119glem zapewne do Dolnej Odry wyje\u017cd\u017ca z Wroc\u0142awia Nadodrza. 10.02.2003<\/p>\n<\/div>\n","protected":false},"excerpt":{"rendered":"<p>ET41-195 z w\u0119glem zapewne do Dolnej Odry wyje\u017cd\u017ca z Wroc\u0142awia Nadodrza. 10.02.2003<\/p>\n","protected":false},"author":1,"featured_media":12031,"comment_status":"open","ping_status":"","sticky":false,"template":"","format":"standard","meta":{"footnotes":""},"categories":[62,2,149],"tags":[3170,259,303,63,27,44,246,41,245],"class_list":["post-12030","post","type-post","status-publish","format-standard","has-post-thumbnail","hentry","category-analog","category-kolej","category-rok-2003","tag-2003-02-10","tag-et41","tag-industrial","tag-pkp","tag-polska","tag-snieg","tag-tab-pl200","tag-wroclaw","tag-wroclaw-nadodrze"],"_links":{"self":[{"href":"https:\/\/wgphoto.pl\/t\/index.php?rest_route=\/wp\/v2\/posts\/12030","targetHints":{"allow":["GET"]}}],"collection":[{"href":"https:\/\/wgphoto.pl\/t\/index.php?rest_route=\/wp\/v2\/posts"}],"about":[{"href":"https:\/\/wgphoto.pl\/t\/index.php?rest_route=\/wp\/v2\/types\/post"}],"author":[{"embeddable":true,"href":"https:\/\/wgphoto.pl\/t\/index.php?rest_route=\/wp\/v2\/users\/1"}],"replies":[{"embeddable":true,"href":"https:\/\/wgphoto.pl\/t\/index.php?rest_route=%2Fwp%2Fv2%2Fcomments&post=12030"}],"version-history":[{"count":1,"href":"https:\/\/wgphoto.pl\/t\/index.php?rest_route=\/wp\/v2\/posts\/12030\/revisions"}],"predecessor-version":[{"id":12032,"href":"https:\/\/wgphoto.pl\/t\/index.php?rest_route=\/wp\/v2\/posts\/12030\/revisions\/12032"}],"wp:featuredmedia":[{"embeddable":true,"href":"https:\/\/wgphoto.pl\/t\/index.php?rest_route=\/wp\/v2\/media\/12031"}],"wp:attachment":[{"href":"https:\/\/wgphoto.pl\/t\/index.php?rest_route=%2Fwp%2Fv2%2Fmedia&parent=12030"}],"wp:term":[{"taxonomy":"category","embeddable":true,"href":"https:\/\/wgphoto.pl\/t\/index.php?rest_route=%2Fwp%2Fv2%2Fcategories&post=12030"},{"taxonomy":"post_tag","embeddable":true,"href":"https:\/\/wgphoto.pl\/t\/index.php?rest_route=%2Fwp%2Fv2%2Ftags&post=12030"}],"curies":[{"name":"wp","href":"https:\/\/api.w.org\/{rel}","templated":true}]}}