{"id":12042,"date":"2025-02-13T21:56:03","date_gmt":"2025-02-13T20:56:03","guid":{"rendered":"https:\/\/wgphoto.pl\/t\/?p=12042"},"modified":"2025-02-13T21:56:03","modified_gmt":"2025-02-13T20:56:03","slug":"sp32-210-przybylowice","status":"publish","type":"post","link":"https:\/\/wgphoto.pl\/t\/?p=12042","title":{"rendered":"SP32-210, Przyby\u0142owice"},"content":{"rendered":"\n<figure class=\"wp-block-image aligncenter size-full\"><img loading=\"lazy\" decoding=\"async\" width=\"1000\" height=\"653\" src=\"https:\/\/wgphoto.pl\/t\/wp-content\/uploads\/2025\/02\/0802-20a.jpg\" alt=\"\" class=\"wp-image-12043\" srcset=\"https:\/\/wgphoto.pl\/t\/wp-content\/uploads\/2025\/02\/0802-20a.jpg 1000w, https:\/\/wgphoto.pl\/t\/wp-content\/uploads\/2025\/02\/0802-20a-300x196.jpg 300w, https:\/\/wgphoto.pl\/t\/wp-content\/uploads\/2025\/02\/0802-20a-768x502.jpg 768w\" sizes=\"auto, (max-width: 1000px) 100vw, 1000px\" \/><\/figure>\n\n\n\n<div class=\"wp-block-group has-global-padding is-layout-constrained wp-block-group-is-layout-constrained\">\n<p>SP32-210 z poc. 44121 rel. Kamieniec Z\u0105bkowicki &#8211; Legnica zatrzymuje si\u0119 na p.o. Przyby\u0142owice. W tle widoczny jest zarys G\u00f3r Kaczawskich. 10.02.2008<\/p>\n<\/div>\n","protected":false},"excerpt":{"rendered":"<p>SP32-210 z poc. 44121 rel. Kamieniec Z\u0105bkowicki &#8211; Legnica zatrzymuje si\u0119 na p.o. Przyby\u0142owice. W tle widoczny jest zarys G\u00f3r Kaczawskich. 10.02.2008<\/p>\n","protected":false},"author":1,"featured_media":12043,"comment_status":"open","ping_status":"","sticky":false,"template":"","format":"standard","meta":{"footnotes":""},"categories":[62,2,120],"tags":[234,63,27,3172,385,319],"class_list":["post-12042","post","type-post","status-publish","format-standard","has-post-thumbnail","hentry","category-analog","category-kolej","category-rok-2008","tag-2008-02-10","tag-pkp","tag-polska","tag-przybylowice","tag-sp32","tag-tab-pl235"],"_links":{"self":[{"href":"https:\/\/wgphoto.pl\/t\/index.php?rest_route=\/wp\/v2\/posts\/12042","targetHints":{"allow":["GET"]}}],"collection":[{"href":"https:\/\/wgphoto.pl\/t\/index.php?rest_route=\/wp\/v2\/posts"}],"about":[{"href":"https:\/\/wgphoto.pl\/t\/index.php?rest_route=\/wp\/v2\/types\/post"}],"author":[{"embeddable":true,"href":"https:\/\/wgphoto.pl\/t\/index.php?rest_route=\/wp\/v2\/users\/1"}],"replies":[{"embeddable":true,"href":"https:\/\/wgphoto.pl\/t\/index.php?rest_route=%2Fwp%2Fv2%2Fcomments&post=12042"}],"version-history":[{"count":1,"href":"https:\/\/wgphoto.pl\/t\/index.php?rest_route=\/wp\/v2\/posts\/12042\/revisions"}],"predecessor-version":[{"id":12044,"href":"https:\/\/wgphoto.pl\/t\/index.php?rest_route=\/wp\/v2\/posts\/12042\/revisions\/12044"}],"wp:featuredmedia":[{"embeddable":true,"href":"https:\/\/wgphoto.pl\/t\/index.php?rest_route=\/wp\/v2\/media\/12043"}],"wp:attachment":[{"href":"https:\/\/wgphoto.pl\/t\/index.php?rest_route=%2Fwp%2Fv2%2Fmedia&parent=12042"}],"wp:term":[{"taxonomy":"category","embeddable":true,"href":"https:\/\/wgphoto.pl\/t\/index.php?rest_route=%2Fwp%2Fv2%2Fcategories&post=12042"},{"taxonomy":"post_tag","embeddable":true,"href":"https:\/\/wgphoto.pl\/t\/index.php?rest_route=%2Fwp%2Fv2%2Ftags&post=12042"}],"curies":[{"name":"wp","href":"https:\/\/api.w.org\/{rel}","templated":true}]}}