{"id":12045,"date":"2025-02-13T21:57:20","date_gmt":"2025-02-13T20:57:20","guid":{"rendered":"https:\/\/wgphoto.pl\/t\/?p=12045"},"modified":"2025-02-13T22:16:39","modified_gmt":"2025-02-13T21:16:39","slug":"su45-117-dabroszyn","status":"publish","type":"post","link":"https:\/\/wgphoto.pl\/t\/?p=12045","title":{"rendered":"SU45-117, D\u0105broszyn"},"content":{"rendered":"\n<figure class=\"wp-block-image aligncenter size-full\"><img loading=\"lazy\" decoding=\"async\" width=\"1000\" height=\"662\" src=\"https:\/\/wgphoto.pl\/t\/wp-content\/uploads\/2025\/02\/0616-35.jpg\" alt=\"\" class=\"wp-image-12046\" srcset=\"https:\/\/wgphoto.pl\/t\/wp-content\/uploads\/2025\/02\/0616-35.jpg 1000w, https:\/\/wgphoto.pl\/t\/wp-content\/uploads\/2025\/02\/0616-35-300x199.jpg 300w, https:\/\/wgphoto.pl\/t\/wp-content\/uploads\/2025\/02\/0616-35-768x508.jpg 768w\" sizes=\"auto, (max-width: 1000px) 100vw, 1000px\" \/><\/figure>\n\n\n\n<div class=\"wp-block-group has-global-padding is-layout-constrained wp-block-group-is-layout-constrained\">\n<p>SU45-117 z poci\u0105giem osobowym z Kostrzyna do Krzy\u017ca mija stra\u017cnic\u0119 przejazdow\u0105 w D\u0105broszynie. 28.07.2006<\/p>\n<\/div>\n","protected":false},"excerpt":{"rendered":"<p>SU45-117 z poci\u0105giem osobowym z Kostrzyna do Krzy\u017ca mija stra\u017cnic\u0119 przejazdow\u0105 w D\u0105broszynie. 28.07.2006<\/p>\n","protected":false},"author":1,"featured_media":12046,"comment_status":"open","ping_status":"","sticky":false,"template":"","format":"standard","meta":{"footnotes":""},"categories":[62,2,130],"tags":[1867,3173,595,63,27,176,290,594],"class_list":["post-12045","post","type-post","status-publish","format-standard","has-post-thumbnail","hentry","category-analog","category-kolej","category-rok-2006","tag-2006-07-28","tag-dabroszyn","tag-ostbahn","tag-pkp","tag-polska","tag-rano","tag-su45","tag-tab-pl345"],"_links":{"self":[{"href":"https:\/\/wgphoto.pl\/t\/index.php?rest_route=\/wp\/v2\/posts\/12045","targetHints":{"allow":["GET"]}}],"collection":[{"href":"https:\/\/wgphoto.pl\/t\/index.php?rest_route=\/wp\/v2\/posts"}],"about":[{"href":"https:\/\/wgphoto.pl\/t\/index.php?rest_route=\/wp\/v2\/types\/post"}],"author":[{"embeddable":true,"href":"https:\/\/wgphoto.pl\/t\/index.php?rest_route=\/wp\/v2\/users\/1"}],"replies":[{"embeddable":true,"href":"https:\/\/wgphoto.pl\/t\/index.php?rest_route=%2Fwp%2Fv2%2Fcomments&post=12045"}],"version-history":[{"count":1,"href":"https:\/\/wgphoto.pl\/t\/index.php?rest_route=\/wp\/v2\/posts\/12045\/revisions"}],"predecessor-version":[{"id":12047,"href":"https:\/\/wgphoto.pl\/t\/index.php?rest_route=\/wp\/v2\/posts\/12045\/revisions\/12047"}],"wp:featuredmedia":[{"embeddable":true,"href":"https:\/\/wgphoto.pl\/t\/index.php?rest_route=\/wp\/v2\/media\/12046"}],"wp:attachment":[{"href":"https:\/\/wgphoto.pl\/t\/index.php?rest_route=%2Fwp%2Fv2%2Fmedia&parent=12045"}],"wp:term":[{"taxonomy":"category","embeddable":true,"href":"https:\/\/wgphoto.pl\/t\/index.php?rest_route=%2Fwp%2Fv2%2Fcategories&post=12045"},{"taxonomy":"post_tag","embeddable":true,"href":"https:\/\/wgphoto.pl\/t\/index.php?rest_route=%2Fwp%2Fv2%2Ftags&post=12045"}],"curies":[{"name":"wp","href":"https:\/\/api.w.org\/{rel}","templated":true}]}}