{"id":12066,"date":"2025-02-13T22:06:11","date_gmt":"2025-02-13T21:06:11","guid":{"rendered":"https:\/\/wgphoto.pl\/t\/?p=12066"},"modified":"2025-02-13T22:06:11","modified_gmt":"2025-02-13T21:06:11","slug":"zima-we-wroclawiu","status":"publish","type":"post","link":"https:\/\/wgphoto.pl\/t\/?p=12066","title":{"rendered":"Zima we Wroc\u0142awiu"},"content":{"rendered":"\n<figure class=\"wp-block-image aligncenter size-full\"><img loading=\"lazy\" decoding=\"async\" width=\"1300\" height=\"870\" src=\"https:\/\/wgphoto.pl\/t\/wp-content\/uploads\/2025\/02\/imgp6604.jpg\" alt=\"\" class=\"wp-image-12067\" srcset=\"https:\/\/wgphoto.pl\/t\/wp-content\/uploads\/2025\/02\/imgp6604.jpg 1300w, https:\/\/wgphoto.pl\/t\/wp-content\/uploads\/2025\/02\/imgp6604-300x201.jpg 300w, https:\/\/wgphoto.pl\/t\/wp-content\/uploads\/2025\/02\/imgp6604-768x514.jpg 768w\" sizes=\"auto, (max-width: 1300px) 100vw, 1300px\" \/><\/figure>\n\n\n\n<div class=\"wp-block-group has-global-padding is-layout-constrained wp-block-group-is-layout-constrained\">\n<p>Nocny przecierak z zajezdni O\u0142bin w postaci sk\u0142adu 105NWr 2212+2213 pozuje do zdj\u0119cia na trasie z Wroc\u0142awia do Le\u015bnicy. 2012-02-16<\/p>\n<\/div>\n","protected":false},"excerpt":{"rendered":"<p>Nocny przecierak z zajezdni O\u0142bin w postaci sk\u0142adu 105NWr 2212+2213 pozuje do zdj\u0119cia na trasie z Wroc\u0142awia do Le\u015bnicy. 2012-02-16<\/p>\n","protected":false},"author":1,"featured_media":12067,"comment_status":"open","ping_status":"","sticky":false,"template":"","format":"standard","meta":{"footnotes":""},"categories":[46,3],"tags":[43,3180,42,154,27,44,41],"class_list":["post-12066","post","type-post","status-publish","format-standard","has-post-thumbnail","hentry","category-rok-2012","category-tramwaj","tag-105nwr","tag-2012-02-16","tag-mpk-wroclaw","tag-noc","tag-polska","tag-snieg","tag-wroclaw"],"_links":{"self":[{"href":"https:\/\/wgphoto.pl\/t\/index.php?rest_route=\/wp\/v2\/posts\/12066","targetHints":{"allow":["GET"]}}],"collection":[{"href":"https:\/\/wgphoto.pl\/t\/index.php?rest_route=\/wp\/v2\/posts"}],"about":[{"href":"https:\/\/wgphoto.pl\/t\/index.php?rest_route=\/wp\/v2\/types\/post"}],"author":[{"embeddable":true,"href":"https:\/\/wgphoto.pl\/t\/index.php?rest_route=\/wp\/v2\/users\/1"}],"replies":[{"embeddable":true,"href":"https:\/\/wgphoto.pl\/t\/index.php?rest_route=%2Fwp%2Fv2%2Fcomments&post=12066"}],"version-history":[{"count":1,"href":"https:\/\/wgphoto.pl\/t\/index.php?rest_route=\/wp\/v2\/posts\/12066\/revisions"}],"predecessor-version":[{"id":12068,"href":"https:\/\/wgphoto.pl\/t\/index.php?rest_route=\/wp\/v2\/posts\/12066\/revisions\/12068"}],"wp:featuredmedia":[{"embeddable":true,"href":"https:\/\/wgphoto.pl\/t\/index.php?rest_route=\/wp\/v2\/media\/12067"}],"wp:attachment":[{"href":"https:\/\/wgphoto.pl\/t\/index.php?rest_route=%2Fwp%2Fv2%2Fmedia&parent=12066"}],"wp:term":[{"taxonomy":"category","embeddable":true,"href":"https:\/\/wgphoto.pl\/t\/index.php?rest_route=%2Fwp%2Fv2%2Fcategories&post=12066"},{"taxonomy":"post_tag","embeddable":true,"href":"https:\/\/wgphoto.pl\/t\/index.php?rest_route=%2Fwp%2Fv2%2Ftags&post=12066"}],"curies":[{"name":"wp","href":"https:\/\/api.w.org\/{rel}","templated":true}]}}