{"id":12069,"date":"2025-02-13T22:07:23","date_gmt":"2025-02-13T21:07:23","guid":{"rendered":"https:\/\/wgphoto.pl\/t\/?p=12069"},"modified":"2025-02-13T22:07:23","modified_gmt":"2025-02-13T21:07:23","slug":"zima-w-jabloncu","status":"publish","type":"post","link":"https:\/\/wgphoto.pl\/t\/?p=12069","title":{"rendered":"Zima w Jab\u0142o\u0144cu"},"content":{"rendered":"\n<figure class=\"wp-block-image aligncenter size-full\"><img loading=\"lazy\" decoding=\"async\" width=\"1200\" height=\"803\" src=\"https:\/\/wgphoto.pl\/t\/wp-content\/uploads\/2025\/02\/imgp1177.jpg\" alt=\"\" class=\"wp-image-12070\" srcset=\"https:\/\/wgphoto.pl\/t\/wp-content\/uploads\/2025\/02\/imgp1177.jpg 1200w, https:\/\/wgphoto.pl\/t\/wp-content\/uploads\/2025\/02\/imgp1177-300x201.jpg 300w, https:\/\/wgphoto.pl\/t\/wp-content\/uploads\/2025\/02\/imgp1177-768x514.jpg 768w\" sizes=\"auto, (max-width: 1200px) 100vw, 1200px\" \/><\/figure>\n\n\n\n<div class=\"wp-block-group has-global-padding is-layout-constrained wp-block-group-is-layout-constrained\">\n<p>Prose\u010d nad Nisou. Zestaw 29+39, jad\u0105c tego ponurego, grudniowego poranka z Liberca do Jablonca, przecina ulic\u0119 Za \u0158\u00ed\u010dkou (pol. Za rzeczk\u0105). Chodzi oczywi\u015bcie o Nys\u0119 \u0141u\u017cyck\u0105. 28.12.2009<\/p>\n<\/div>\n","protected":false},"excerpt":{"rendered":"<p>Prose\u010d nad Nisou. Zestaw 29+39, jad\u0105c tego ponurego, grudniowego poranka z Liberca do Jablonca, przecina ulic\u0119 Za \u0158\u00ed\u010dkou (pol. Za rzeczk\u0105). Chodzi oczywi\u015bcie o Nys\u0119 \u0141u\u017cyck\u0105. 28.12.2009<\/p>\n","protected":false},"author":1,"featured_media":12070,"comment_status":"open","ping_status":"","sticky":false,"template":"","format":"standard","meta":{"footnotes":""},"categories":[169,3],"tags":[874,49,875,876,44,1011,561],"class_list":["post-12069","post","type-post","status-publish","format-standard","has-post-thumbnail","hentry","category-rok-2009","category-tramwaj","tag-2009-12-28","tag-czechy","tag-dpmlj-liberec","tag-jablonec-nad-nisou","tag-snieg","tag-tatra-t3","tag-tramwaj-podmiejski"],"_links":{"self":[{"href":"https:\/\/wgphoto.pl\/t\/index.php?rest_route=\/wp\/v2\/posts\/12069","targetHints":{"allow":["GET"]}}],"collection":[{"href":"https:\/\/wgphoto.pl\/t\/index.php?rest_route=\/wp\/v2\/posts"}],"about":[{"href":"https:\/\/wgphoto.pl\/t\/index.php?rest_route=\/wp\/v2\/types\/post"}],"author":[{"embeddable":true,"href":"https:\/\/wgphoto.pl\/t\/index.php?rest_route=\/wp\/v2\/users\/1"}],"replies":[{"embeddable":true,"href":"https:\/\/wgphoto.pl\/t\/index.php?rest_route=%2Fwp%2Fv2%2Fcomments&post=12069"}],"version-history":[{"count":1,"href":"https:\/\/wgphoto.pl\/t\/index.php?rest_route=\/wp\/v2\/posts\/12069\/revisions"}],"predecessor-version":[{"id":12071,"href":"https:\/\/wgphoto.pl\/t\/index.php?rest_route=\/wp\/v2\/posts\/12069\/revisions\/12071"}],"wp:featuredmedia":[{"embeddable":true,"href":"https:\/\/wgphoto.pl\/t\/index.php?rest_route=\/wp\/v2\/media\/12070"}],"wp:attachment":[{"href":"https:\/\/wgphoto.pl\/t\/index.php?rest_route=%2Fwp%2Fv2%2Fmedia&parent=12069"}],"wp:term":[{"taxonomy":"category","embeddable":true,"href":"https:\/\/wgphoto.pl\/t\/index.php?rest_route=%2Fwp%2Fv2%2Fcategories&post=12069"},{"taxonomy":"post_tag","embeddable":true,"href":"https:\/\/wgphoto.pl\/t\/index.php?rest_route=%2Fwp%2Fv2%2Ftags&post=12069"}],"curies":[{"name":"wp","href":"https:\/\/api.w.org\/{rel}","templated":true}]}}