{"id":12072,"date":"2025-02-13T22:08:39","date_gmt":"2025-02-13T21:08:39","guid":{"rendered":"https:\/\/wgphoto.pl\/t\/?p=12072"},"modified":"2025-02-13T22:08:39","modified_gmt":"2025-02-13T21:08:39","slug":"solsidan","status":"publish","type":"post","link":"https:\/\/wgphoto.pl\/t\/?p=12072","title":{"rendered":"Solsidan"},"content":{"rendered":"\n<figure class=\"wp-block-image aligncenter size-full\"><img loading=\"lazy\" decoding=\"async\" width=\"1300\" height=\"870\" src=\"https:\/\/wgphoto.pl\/t\/wp-content\/uploads\/2025\/02\/imgp5694-1.jpg\" alt=\"\" class=\"wp-image-12073\" srcset=\"https:\/\/wgphoto.pl\/t\/wp-content\/uploads\/2025\/02\/imgp5694-1.jpg 1300w, https:\/\/wgphoto.pl\/t\/wp-content\/uploads\/2025\/02\/imgp5694-1-300x201.jpg 300w, https:\/\/wgphoto.pl\/t\/wp-content\/uploads\/2025\/02\/imgp5694-1-768x514.jpg 768w\" sizes=\"auto, (max-width: 1300px) 100vw, 1300px\" \/><\/figure>\n\n\n\n<div class=\"wp-block-group has-global-padding is-layout-constrained wp-block-group-is-layout-constrained\">\n<p>Sk\u0142ad C11+C10 2892+2891 jako poci\u0105g do Igelbody za chwil\u0119 odjedzie z Solsidan. Jest godzina 15:34, a ksi\u0119\u017cyc ju\u017c wysoko na niebie. W nawi\u0105zaniu natomiast do ostatnich zdj\u0119\u0107 &#8211; \u015bniegu co prawda nie by\u0142o, ale temperatura jak najbardziej zimowa i owszem.<br>2011-12-07<\/p>\n<\/div>\n","protected":false},"excerpt":{"rendered":"<p>Sk\u0142ad C11+C10 2892+2891 jako poci\u0105g do Igelbody za chwil\u0119 odjedzie z Solsidan. Jest godzina 15:34, a ksi\u0119\u017cyc ju\u017c wysoko na niebie. W nawi\u0105zaniu natomiast do ostatnich zdj\u0119\u0107 &#8211; \u015bniegu co prawda nie by\u0142o, ale temperatura jak najbardziej zimowa i owszem.2011-12-07<\/p>\n","protected":false},"author":1,"featured_media":12073,"comment_status":"open","ping_status":"","sticky":false,"template":"","format":"standard","meta":{"footnotes":""},"categories":[2,77],"tags":[1128,91,1374,2859,162,3149,682,686,685,90],"class_list":["post-12072","post","type-post","status-publish","format-standard","has-post-thumbnail","hentry","category-kolej","category-rok-2011","tag-2011-12-07","tag-blue-hour","tag-kolej-podmiejska","tag-ksiezyc","tag-niebo","tag-saltsjobanan","tag-sl-stockholm","tag-sztokholm","tag-szwecja","tag-wieczorem"],"_links":{"self":[{"href":"https:\/\/wgphoto.pl\/t\/index.php?rest_route=\/wp\/v2\/posts\/12072","targetHints":{"allow":["GET"]}}],"collection":[{"href":"https:\/\/wgphoto.pl\/t\/index.php?rest_route=\/wp\/v2\/posts"}],"about":[{"href":"https:\/\/wgphoto.pl\/t\/index.php?rest_route=\/wp\/v2\/types\/post"}],"author":[{"embeddable":true,"href":"https:\/\/wgphoto.pl\/t\/index.php?rest_route=\/wp\/v2\/users\/1"}],"replies":[{"embeddable":true,"href":"https:\/\/wgphoto.pl\/t\/index.php?rest_route=%2Fwp%2Fv2%2Fcomments&post=12072"}],"version-history":[{"count":1,"href":"https:\/\/wgphoto.pl\/t\/index.php?rest_route=\/wp\/v2\/posts\/12072\/revisions"}],"predecessor-version":[{"id":12074,"href":"https:\/\/wgphoto.pl\/t\/index.php?rest_route=\/wp\/v2\/posts\/12072\/revisions\/12074"}],"wp:featuredmedia":[{"embeddable":true,"href":"https:\/\/wgphoto.pl\/t\/index.php?rest_route=\/wp\/v2\/media\/12073"}],"wp:attachment":[{"href":"https:\/\/wgphoto.pl\/t\/index.php?rest_route=%2Fwp%2Fv2%2Fmedia&parent=12072"}],"wp:term":[{"taxonomy":"category","embeddable":true,"href":"https:\/\/wgphoto.pl\/t\/index.php?rest_route=%2Fwp%2Fv2%2Fcategories&post=12072"},{"taxonomy":"post_tag","embeddable":true,"href":"https:\/\/wgphoto.pl\/t\/index.php?rest_route=%2Fwp%2Fv2%2Ftags&post=12072"}],"curies":[{"name":"wp","href":"https:\/\/api.w.org\/{rel}","templated":true}]}}