{"id":12075,"date":"2025-02-14T16:48:20","date_gmt":"2025-02-14T15:48:20","guid":{"rendered":"https:\/\/wgphoto.pl\/t\/?p=12075"},"modified":"2025-02-14T16:48:20","modified_gmt":"2025-02-14T15:48:20","slug":"242-245-9-ceske-budejovice","status":"publish","type":"post","link":"https:\/\/wgphoto.pl\/t\/?p=12075","title":{"rendered":"242 245-9, \u010cesk\u00e9 Bud\u011bjovice"},"content":{"rendered":"\n<figure class=\"wp-block-image aligncenter size-full\"><img loading=\"lazy\" decoding=\"async\" width=\"1300\" height=\"870\" src=\"https:\/\/wgphoto.pl\/t\/wp-content\/uploads\/2025\/02\/imgp6477.jpg\" alt=\"\" class=\"wp-image-12076\" srcset=\"https:\/\/wgphoto.pl\/t\/wp-content\/uploads\/2025\/02\/imgp6477.jpg 1300w, https:\/\/wgphoto.pl\/t\/wp-content\/uploads\/2025\/02\/imgp6477-300x201.jpg 300w, https:\/\/wgphoto.pl\/t\/wp-content\/uploads\/2025\/02\/imgp6477-768x514.jpg 768w\" sizes=\"auto, (max-width: 1300px) 100vw, 1300px\" \/><\/figure>\n\n\n\n<div class=\"wp-block-group has-global-padding is-layout-constrained wp-block-group-is-layout-constrained\">\n<p>\u010cesk\u00e9 Bud\u011bjovice. Wieczorny rychlik 921 &#8222;Karel Klostermann&#8221; z Pilzna sko\u0144czy\u0142 bieg. 2010-08-25<\/p>\n<\/div>\n","protected":false},"excerpt":{"rendered":"<p>\u010cesk\u00e9 Bud\u011bjovice. Wieczorny rychlik 921 &#8222;Karel Klostermann&#8221; z Pilzna sko\u0144czy\u0142 bieg. 2010-08-25<\/p>\n","protected":false},"author":1,"featured_media":12076,"comment_status":"open","ping_status":"","sticky":false,"template":"","format":"standard","meta":{"footnotes":""},"categories":[2,86],"tags":[308,305,50,307,49,154,24,716],"class_list":["post-12075","post","type-post","status-publish","format-standard","has-post-thumbnail","hentry","category-kolej","category-rok-2010","tag-2010-08-25","tag-305","tag-cd","tag-ceske-budejovice","tag-czechy","tag-noc","tag-perony","tag-tab-cz190"],"_links":{"self":[{"href":"https:\/\/wgphoto.pl\/t\/index.php?rest_route=\/wp\/v2\/posts\/12075","targetHints":{"allow":["GET"]}}],"collection":[{"href":"https:\/\/wgphoto.pl\/t\/index.php?rest_route=\/wp\/v2\/posts"}],"about":[{"href":"https:\/\/wgphoto.pl\/t\/index.php?rest_route=\/wp\/v2\/types\/post"}],"author":[{"embeddable":true,"href":"https:\/\/wgphoto.pl\/t\/index.php?rest_route=\/wp\/v2\/users\/1"}],"replies":[{"embeddable":true,"href":"https:\/\/wgphoto.pl\/t\/index.php?rest_route=%2Fwp%2Fv2%2Fcomments&post=12075"}],"version-history":[{"count":1,"href":"https:\/\/wgphoto.pl\/t\/index.php?rest_route=\/wp\/v2\/posts\/12075\/revisions"}],"predecessor-version":[{"id":12077,"href":"https:\/\/wgphoto.pl\/t\/index.php?rest_route=\/wp\/v2\/posts\/12075\/revisions\/12077"}],"wp:featuredmedia":[{"embeddable":true,"href":"https:\/\/wgphoto.pl\/t\/index.php?rest_route=\/wp\/v2\/media\/12076"}],"wp:attachment":[{"href":"https:\/\/wgphoto.pl\/t\/index.php?rest_route=%2Fwp%2Fv2%2Fmedia&parent=12075"}],"wp:term":[{"taxonomy":"category","embeddable":true,"href":"https:\/\/wgphoto.pl\/t\/index.php?rest_route=%2Fwp%2Fv2%2Fcategories&post=12075"},{"taxonomy":"post_tag","embeddable":true,"href":"https:\/\/wgphoto.pl\/t\/index.php?rest_route=%2Fwp%2Fv2%2Ftags&post=12075"}],"curies":[{"name":"wp","href":"https:\/\/api.w.org\/{rel}","templated":true}]}}