{"id":12078,"date":"2025-02-14T16:49:45","date_gmt":"2025-02-14T15:49:45","guid":{"rendered":"https:\/\/wgphoto.pl\/t\/?p=12078"},"modified":"2025-02-14T16:49:45","modified_gmt":"2025-02-14T15:49:45","slug":"rychlik-do-wroclawi","status":"publish","type":"post","link":"https:\/\/wgphoto.pl\/t\/?p=12078","title":{"rendered":"Rychl\u00edk do Wroclawi"},"content":{"rendered":"\n<figure class=\"wp-block-image aligncenter size-full\"><img loading=\"lazy\" decoding=\"async\" width=\"600\" height=\"850\" src=\"https:\/\/wgphoto.pl\/t\/wp-content\/uploads\/2025\/02\/imgp5767-3.jpg\" alt=\"\" class=\"wp-image-12080\" srcset=\"https:\/\/wgphoto.pl\/t\/wp-content\/uploads\/2025\/02\/imgp5767-3.jpg 600w, https:\/\/wgphoto.pl\/t\/wp-content\/uploads\/2025\/02\/imgp5767-3-212x300.jpg 212w\" sizes=\"auto, (max-width: 600px) 100vw, 600px\" \/><\/figure>\n\n\n\n<div class=\"wp-block-group has-global-padding is-layout-constrained wp-block-group-is-layout-constrained\">\n<p>750 285-9 z poci\u0105giem pospiesznym 253 relacji Praha-Sm\u00edchov &#8211; Wroc\u0142aw G\u0142\u00f3wny zatrzymuje si\u0119 na stacji Pot\u0161tejn. Bardzo lubi\u0119 to zdj\u0119cie. 2009-05-12<\/p>\n<\/div>\n","protected":false},"excerpt":{"rendered":"<p>750 285-9 z poci\u0105giem pospiesznym 253 relacji Praha-Sm\u00edchov &#8211; Wroc\u0142aw G\u0142\u00f3wny zatrzymuje si\u0119 na stacji Pot\u0161tejn. Bardzo lubi\u0119 to zdj\u0119cie. 2009-05-12<\/p>\n","protected":false},"author":1,"featured_media":12080,"comment_status":"open","ping_status":"","sticky":false,"template":"","format":"standard","meta":{"footnotes":""},"categories":[2,128,169],"tags":[2700,1467,50,49,1186,24,2699,1841],"class_list":["post-12078","post","type-post","status-publish","format-standard","has-post-thumbnail","hentry","category-kolej","category-pionowe","category-rok-2009","tag-2009-05-12","tag-1467","tag-cd","tag-czechy","tag-na-wsiadanego","tag-perony","tag-potstejn","tag-tab-cz021"],"_links":{"self":[{"href":"https:\/\/wgphoto.pl\/t\/index.php?rest_route=\/wp\/v2\/posts\/12078","targetHints":{"allow":["GET"]}}],"collection":[{"href":"https:\/\/wgphoto.pl\/t\/index.php?rest_route=\/wp\/v2\/posts"}],"about":[{"href":"https:\/\/wgphoto.pl\/t\/index.php?rest_route=\/wp\/v2\/types\/post"}],"author":[{"embeddable":true,"href":"https:\/\/wgphoto.pl\/t\/index.php?rest_route=\/wp\/v2\/users\/1"}],"replies":[{"embeddable":true,"href":"https:\/\/wgphoto.pl\/t\/index.php?rest_route=%2Fwp%2Fv2%2Fcomments&post=12078"}],"version-history":[{"count":1,"href":"https:\/\/wgphoto.pl\/t\/index.php?rest_route=\/wp\/v2\/posts\/12078\/revisions"}],"predecessor-version":[{"id":12081,"href":"https:\/\/wgphoto.pl\/t\/index.php?rest_route=\/wp\/v2\/posts\/12078\/revisions\/12081"}],"wp:featuredmedia":[{"embeddable":true,"href":"https:\/\/wgphoto.pl\/t\/index.php?rest_route=\/wp\/v2\/media\/12080"}],"wp:attachment":[{"href":"https:\/\/wgphoto.pl\/t\/index.php?rest_route=%2Fwp%2Fv2%2Fmedia&parent=12078"}],"wp:term":[{"taxonomy":"category","embeddable":true,"href":"https:\/\/wgphoto.pl\/t\/index.php?rest_route=%2Fwp%2Fv2%2Fcategories&post=12078"},{"taxonomy":"post_tag","embeddable":true,"href":"https:\/\/wgphoto.pl\/t\/index.php?rest_route=%2Fwp%2Fv2%2Ftags&post=12078"}],"curies":[{"name":"wp","href":"https:\/\/api.w.org\/{rel}","templated":true}]}}