{"id":12082,"date":"2025-02-14T16:50:51","date_gmt":"2025-02-14T15:50:51","guid":{"rendered":"https:\/\/wgphoto.pl\/t\/?p=12082"},"modified":"2025-02-14T16:50:51","modified_gmt":"2025-02-14T15:50:51","slug":"19t-nr-3116","status":"publish","type":"post","link":"https:\/\/wgphoto.pl\/t\/?p=12082","title":{"rendered":"19T nr 3116"},"content":{"rendered":"\n<figure class=\"wp-block-image aligncenter size-full\"><img loading=\"lazy\" decoding=\"async\" width=\"900\" height=\"601\" src=\"https:\/\/wgphoto.pl\/t\/wp-content\/uploads\/2025\/02\/imgp4502.jpg\" alt=\"\" class=\"wp-image-12083\" srcset=\"https:\/\/wgphoto.pl\/t\/wp-content\/uploads\/2025\/02\/imgp4502.jpg 900w, https:\/\/wgphoto.pl\/t\/wp-content\/uploads\/2025\/02\/imgp4502-300x200.jpg 300w, https:\/\/wgphoto.pl\/t\/wp-content\/uploads\/2025\/02\/imgp4502-768x513.jpg 768w\" sizes=\"auto, (max-width: 900px) 100vw, 900px\" \/><\/figure>\n\n\n\n<div class=\"wp-block-group has-global-padding is-layout-constrained wp-block-group-is-layout-constrained\">\n<p>Ciapek, jak na szybk\u0105 kolejk\u0119 kursuj\u0105c\u0105 prawie jak metro przysta\u0142o, wpada na drugi peron na Rondzie Reagana, gwa\u0142townie przeginaj\u0105c si\u0119 na \u0142ukach pozbawionych krzywych przej\u015bciowych. 13.10.2011<\/p>\n<\/div>\n","protected":false},"excerpt":{"rendered":"<p>Ciapek, jak na szybk\u0105 kolejk\u0119 kursuj\u0105c\u0105 prawie jak metro przysta\u0142o, wpada na drugi peron na Rondzie Reagana, gwa\u0142townie przeginaj\u0105c si\u0119 na \u0142ukach pozbawionych krzywych przej\u015bciowych. 13.10.2011<\/p>\n","protected":false},"author":1,"featured_media":12083,"comment_status":"open","ping_status":"","sticky":false,"template":"","format":"standard","meta":{"footnotes":""},"categories":[77,3],"tags":[3182,91,42,1658,27,1493,216,90,41],"class_list":["post-12082","post","type-post","status-publish","format-standard","has-post-thumbnail","hentry","category-rok-2011","category-tramwaj","tag-2011-10-13","tag-blue-hour","tag-mpk-wroclaw","tag-panning","tag-polska","tag-skoda-19t","tag-skoda-elektra","tag-wieczorem","tag-wroclaw"],"_links":{"self":[{"href":"https:\/\/wgphoto.pl\/t\/index.php?rest_route=\/wp\/v2\/posts\/12082","targetHints":{"allow":["GET"]}}],"collection":[{"href":"https:\/\/wgphoto.pl\/t\/index.php?rest_route=\/wp\/v2\/posts"}],"about":[{"href":"https:\/\/wgphoto.pl\/t\/index.php?rest_route=\/wp\/v2\/types\/post"}],"author":[{"embeddable":true,"href":"https:\/\/wgphoto.pl\/t\/index.php?rest_route=\/wp\/v2\/users\/1"}],"replies":[{"embeddable":true,"href":"https:\/\/wgphoto.pl\/t\/index.php?rest_route=%2Fwp%2Fv2%2Fcomments&post=12082"}],"version-history":[{"count":1,"href":"https:\/\/wgphoto.pl\/t\/index.php?rest_route=\/wp\/v2\/posts\/12082\/revisions"}],"predecessor-version":[{"id":12084,"href":"https:\/\/wgphoto.pl\/t\/index.php?rest_route=\/wp\/v2\/posts\/12082\/revisions\/12084"}],"wp:featuredmedia":[{"embeddable":true,"href":"https:\/\/wgphoto.pl\/t\/index.php?rest_route=\/wp\/v2\/media\/12083"}],"wp:attachment":[{"href":"https:\/\/wgphoto.pl\/t\/index.php?rest_route=%2Fwp%2Fv2%2Fmedia&parent=12082"}],"wp:term":[{"taxonomy":"category","embeddable":true,"href":"https:\/\/wgphoto.pl\/t\/index.php?rest_route=%2Fwp%2Fv2%2Fcategories&post=12082"},{"taxonomy":"post_tag","embeddable":true,"href":"https:\/\/wgphoto.pl\/t\/index.php?rest_route=%2Fwp%2Fv2%2Ftags&post=12082"}],"curies":[{"name":"wp","href":"https:\/\/api.w.org\/{rel}","templated":true}]}}