{"id":12085,"date":"2025-02-14T16:51:53","date_gmt":"2025-02-14T15:51:53","guid":{"rendered":"https:\/\/wgphoto.pl\/t\/?p=12085"},"modified":"2025-02-14T16:51:53","modified_gmt":"2025-02-14T15:51:53","slug":"205wras-nr-2725","status":"publish","type":"post","link":"https:\/\/wgphoto.pl\/t\/?p=12085","title":{"rendered":"205WrAs nr 2725"},"content":{"rendered":"\n<figure class=\"wp-block-image aligncenter size-full\"><img loading=\"lazy\" decoding=\"async\" width=\"566\" height=\"850\" src=\"https:\/\/wgphoto.pl\/t\/wp-content\/uploads\/2025\/02\/imgp8576.jpg\" alt=\"\" class=\"wp-image-12086\" srcset=\"https:\/\/wgphoto.pl\/t\/wp-content\/uploads\/2025\/02\/imgp8576.jpg 566w, https:\/\/wgphoto.pl\/t\/wp-content\/uploads\/2025\/02\/imgp8576-200x300.jpg 200w\" sizes=\"auto, (max-width: 566px) 100vw, 566px\" \/><\/figure>\n\n\n\n<div class=\"wp-block-group has-global-padding is-layout-constrained wp-block-group-is-layout-constrained\">\n<p>Tytu\u0142owy protram (po empekowsku wraz) zje\u017cd\u017ca Mostem Piaskowym z wyspy Piasek. 09.06.2012<\/p>\n<\/div>\n","protected":false},"excerpt":{"rendered":"<p>Tytu\u0142owy protram (po empekowsku wraz) zje\u017cd\u017ca Mostem Piaskowym z wyspy Piasek. 09.06.2012<\/p>\n","protected":false},"author":1,"featured_media":12086,"comment_status":"open","ping_status":"","sticky":false,"template":"","format":"standard","meta":{"footnotes":""},"categories":[128,46,3],"tags":[3183,34,42,27,1096,41],"class_list":["post-12085","post","type-post","status-publish","format-standard","has-post-thumbnail","hentry","category-pionowe","category-rok-2012","category-tramwaj","tag-2012-06-09","tag-architektura","tag-mpk-wroclaw","tag-polska","tag-protram-205wras","tag-wroclaw"],"_links":{"self":[{"href":"https:\/\/wgphoto.pl\/t\/index.php?rest_route=\/wp\/v2\/posts\/12085","targetHints":{"allow":["GET"]}}],"collection":[{"href":"https:\/\/wgphoto.pl\/t\/index.php?rest_route=\/wp\/v2\/posts"}],"about":[{"href":"https:\/\/wgphoto.pl\/t\/index.php?rest_route=\/wp\/v2\/types\/post"}],"author":[{"embeddable":true,"href":"https:\/\/wgphoto.pl\/t\/index.php?rest_route=\/wp\/v2\/users\/1"}],"replies":[{"embeddable":true,"href":"https:\/\/wgphoto.pl\/t\/index.php?rest_route=%2Fwp%2Fv2%2Fcomments&post=12085"}],"version-history":[{"count":1,"href":"https:\/\/wgphoto.pl\/t\/index.php?rest_route=\/wp\/v2\/posts\/12085\/revisions"}],"predecessor-version":[{"id":12087,"href":"https:\/\/wgphoto.pl\/t\/index.php?rest_route=\/wp\/v2\/posts\/12085\/revisions\/12087"}],"wp:featuredmedia":[{"embeddable":true,"href":"https:\/\/wgphoto.pl\/t\/index.php?rest_route=\/wp\/v2\/media\/12086"}],"wp:attachment":[{"href":"https:\/\/wgphoto.pl\/t\/index.php?rest_route=%2Fwp%2Fv2%2Fmedia&parent=12085"}],"wp:term":[{"taxonomy":"category","embeddable":true,"href":"https:\/\/wgphoto.pl\/t\/index.php?rest_route=%2Fwp%2Fv2%2Fcategories&post=12085"},{"taxonomy":"post_tag","embeddable":true,"href":"https:\/\/wgphoto.pl\/t\/index.php?rest_route=%2Fwp%2Fv2%2Ftags&post=12085"}],"curies":[{"name":"wp","href":"https:\/\/api.w.org\/{rel}","templated":true}]}}