{"id":12088,"date":"2025-02-14T16:52:54","date_gmt":"2025-02-14T15:52:54","guid":{"rendered":"https:\/\/wgphoto.pl\/t\/?p=12088"},"modified":"2025-02-14T16:52:54","modified_gmt":"2025-02-14T15:52:54","slug":"102na-nr-2072","status":"publish","type":"post","link":"https:\/\/wgphoto.pl\/t\/?p=12088","title":{"rendered":"102Na nr 2072"},"content":{"rendered":"\n<figure class=\"wp-block-image aligncenter size-full\"><img loading=\"lazy\" decoding=\"async\" width=\"899\" height=\"600\" src=\"https:\/\/wgphoto.pl\/t\/wp-content\/uploads\/2025\/02\/0821-01.jpg\" alt=\"\" class=\"wp-image-12089\" srcset=\"https:\/\/wgphoto.pl\/t\/wp-content\/uploads\/2025\/02\/0821-01.jpg 899w, https:\/\/wgphoto.pl\/t\/wp-content\/uploads\/2025\/02\/0821-01-300x200.jpg 300w, https:\/\/wgphoto.pl\/t\/wp-content\/uploads\/2025\/02\/0821-01-768x513.jpg 768w\" sizes=\"auto, (max-width: 899px) 100vw, 899px\" \/><\/figure>\n\n\n\n<div class=\"wp-block-group has-global-padding is-layout-constrained wp-block-group-is-layout-constrained\">\n<p>Awaryjny 472 wykonuj\u0105c kurs na linii 23 przeje\u017cd\u017ca po Mo\u015bcie M\u0142y\u0144skim P\u00f3\u0142nocnym. 02.11.2008<\/p>\n<\/div>\n","protected":false},"excerpt":{"rendered":"<p>Awaryjny 472 wykonuj\u0105c kurs na linii 23 przeje\u017cd\u017ca po Mo\u015bcie M\u0142y\u0144skim P\u00f3\u0142nocnym. 02.11.2008<\/p>\n","protected":false},"author":1,"featured_media":12089,"comment_status":"open","ping_status":"","sticky":false,"template":"","format":"standard","meta":{"footnotes":""},"categories":[62,120,3],"tags":[3184,34,309,45,42,27,90,41],"class_list":["post-12088","post","type-post","status-publish","format-standard","has-post-thumbnail","hentry","category-analog","category-rok-2008","category-tramwaj","tag-2008-11-02","tag-architektura","tag-konstal-102na","tag-most","tag-mpk-wroclaw","tag-polska","tag-wieczorem","tag-wroclaw"],"_links":{"self":[{"href":"https:\/\/wgphoto.pl\/t\/index.php?rest_route=\/wp\/v2\/posts\/12088","targetHints":{"allow":["GET"]}}],"collection":[{"href":"https:\/\/wgphoto.pl\/t\/index.php?rest_route=\/wp\/v2\/posts"}],"about":[{"href":"https:\/\/wgphoto.pl\/t\/index.php?rest_route=\/wp\/v2\/types\/post"}],"author":[{"embeddable":true,"href":"https:\/\/wgphoto.pl\/t\/index.php?rest_route=\/wp\/v2\/users\/1"}],"replies":[{"embeddable":true,"href":"https:\/\/wgphoto.pl\/t\/index.php?rest_route=%2Fwp%2Fv2%2Fcomments&post=12088"}],"version-history":[{"count":1,"href":"https:\/\/wgphoto.pl\/t\/index.php?rest_route=\/wp\/v2\/posts\/12088\/revisions"}],"predecessor-version":[{"id":12090,"href":"https:\/\/wgphoto.pl\/t\/index.php?rest_route=\/wp\/v2\/posts\/12088\/revisions\/12090"}],"wp:featuredmedia":[{"embeddable":true,"href":"https:\/\/wgphoto.pl\/t\/index.php?rest_route=\/wp\/v2\/media\/12089"}],"wp:attachment":[{"href":"https:\/\/wgphoto.pl\/t\/index.php?rest_route=%2Fwp%2Fv2%2Fmedia&parent=12088"}],"wp:term":[{"taxonomy":"category","embeddable":true,"href":"https:\/\/wgphoto.pl\/t\/index.php?rest_route=%2Fwp%2Fv2%2Fcategories&post=12088"},{"taxonomy":"post_tag","embeddable":true,"href":"https:\/\/wgphoto.pl\/t\/index.php?rest_route=%2Fwp%2Fv2%2Ftags&post=12088"}],"curies":[{"name":"wp","href":"https:\/\/api.w.org\/{rel}","templated":true}]}}