{"id":1211,"date":"2024-10-02T20:02:43","date_gmt":"2024-10-02T18:02:43","guid":{"rendered":"https:\/\/wgphoto.pl\/t\/?p=1211"},"modified":"2024-10-02T20:02:43","modified_gmt":"2024-10-02T18:02:43","slug":"tecza-nad-kalte-rinne-viadukt","status":"publish","type":"post","link":"https:\/\/wgphoto.pl\/t\/?p=1211","title":{"rendered":"T\u0119cza nad Kalte Rinne Viadukt"},"content":{"rendered":"\n<figure class=\"wp-block-image aligncenter size-full\"><img loading=\"lazy\" decoding=\"async\" width=\"1300\" height=\"861\" src=\"https:\/\/wgphoto.pl\/t\/wp-content\/uploads\/2024\/10\/IMGP9901.jpg\" alt=\"\" class=\"wp-image-1212\" srcset=\"https:\/\/wgphoto.pl\/t\/wp-content\/uploads\/2024\/10\/IMGP9901.jpg 1300w, https:\/\/wgphoto.pl\/t\/wp-content\/uploads\/2024\/10\/IMGP9901-300x199.jpg 300w, https:\/\/wgphoto.pl\/t\/wp-content\/uploads\/2024\/10\/IMGP9901-768x509.jpg 768w\" sizes=\"auto, (max-width: 1300px) 100vw, 1300px\" \/><\/figure>\n\n\n\n<div class=\"wp-block-group has-global-padding is-layout-constrained wp-block-group-is-layout-constrained\">\n<p>Poci\u0105g IC 358 Graz &#8211; Wien Hbf mija wiadukt Kalte Rinne na szlaku Semmering &#8211; Breitenstein. Pogoda by\u0142a tego dnia kapry\u015bna, s\u0142o\u0144ce przeplata\u0142o si\u0119 z chmurami, deszczem i wiatrem. Takie trudne warunki pozwoli\u0142y jednak na obserwacj\u0119 spektaklu natury w postaci m\u017cawki o\u015bwietlanej bocznym s\u0142o\u0144cem, kt\u00f3ra stworzy\u0142a t\u0119cz\u0119. Takie warunki utrzymywa\u0142y si\u0119 przez kilka minut i w tym czasie uda\u0142o mi si\u0119 sfotografowa\u0107 jeden poci\u0105g. Wyj\u0105tkowo szkoda, \u017ce nie by\u0142 to Railjet, gdy\u017c wtedy lokomotywa zlaz\u0142aby si\u0119 na ko\u0144cu sk\u0142adu. Wi\u0119cej zdj\u0119\u0107 z tych rejon\u00f3w ju\u017c wkr\u00f3tce. [10.09.2024]<\/p>\n<\/div>\n","protected":false},"excerpt":{"rendered":"<p>Poci\u0105g IC 358 Graz &#8211; Wien Hbf mija wiadukt Kalte Rinne na szlaku Semmering &#8211; Breitenstein. Pogoda by\u0142a tego dnia kapry\u015bna, s\u0142o\u0144ce przeplata\u0142o si\u0119 z chmurami, deszczem i wiatrem. Takie trudne warunki pozwoli\u0142y jednak na obserwacj\u0119 spektaklu natury w postaci m\u017cawki o\u015bwietlanej bocznym s\u0142o\u0144cem, kt\u00f3ra stworzy\u0142a t\u0119cz\u0119. Takie warunki utrzymywa\u0142y si\u0119 przez kilka minut i [&hellip;]<\/p>\n","protected":false},"author":1,"featured_media":1212,"comment_status":"open","ping_status":"","sticky":false,"template":"","format":"standard","meta":{"footnotes":""},"categories":[2,5],"tags":[8,551,9,549,113,45,11,12,548,550,16],"class_list":["post-1211","post","type-post","status-publish","format-standard","has-post-thumbnail","hentry","category-kolej","category-2024r","tag-8","tag-2024-09-10","tag-austria","tag-breitenstein","tag-landszaft","tag-most","tag-obb","tag-semmeringbahn","tag-tecza","tag-wakacje-2024","tag-wolfsbergkogel"],"_links":{"self":[{"href":"https:\/\/wgphoto.pl\/t\/index.php?rest_route=\/wp\/v2\/posts\/1211","targetHints":{"allow":["GET"]}}],"collection":[{"href":"https:\/\/wgphoto.pl\/t\/index.php?rest_route=\/wp\/v2\/posts"}],"about":[{"href":"https:\/\/wgphoto.pl\/t\/index.php?rest_route=\/wp\/v2\/types\/post"}],"author":[{"embeddable":true,"href":"https:\/\/wgphoto.pl\/t\/index.php?rest_route=\/wp\/v2\/users\/1"}],"replies":[{"embeddable":true,"href":"https:\/\/wgphoto.pl\/t\/index.php?rest_route=%2Fwp%2Fv2%2Fcomments&post=1211"}],"version-history":[{"count":1,"href":"https:\/\/wgphoto.pl\/t\/index.php?rest_route=\/wp\/v2\/posts\/1211\/revisions"}],"predecessor-version":[{"id":1213,"href":"https:\/\/wgphoto.pl\/t\/index.php?rest_route=\/wp\/v2\/posts\/1211\/revisions\/1213"}],"wp:featuredmedia":[{"embeddable":true,"href":"https:\/\/wgphoto.pl\/t\/index.php?rest_route=\/wp\/v2\/media\/1212"}],"wp:attachment":[{"href":"https:\/\/wgphoto.pl\/t\/index.php?rest_route=%2Fwp%2Fv2%2Fmedia&parent=1211"}],"wp:term":[{"taxonomy":"category","embeddable":true,"href":"https:\/\/wgphoto.pl\/t\/index.php?rest_route=%2Fwp%2Fv2%2Fcategories&post=1211"},{"taxonomy":"post_tag","embeddable":true,"href":"https:\/\/wgphoto.pl\/t\/index.php?rest_route=%2Fwp%2Fv2%2Ftags&post=1211"}],"curies":[{"name":"wp","href":"https:\/\/api.w.org\/{rel}","templated":true}]}}