{"id":12121,"date":"2025-02-14T17:14:57","date_gmt":"2025-02-14T16:14:57","guid":{"rendered":"https:\/\/wgphoto.pl\/t\/?p=12121"},"modified":"2025-02-14T17:14:57","modified_gmt":"2025-02-14T16:14:57","slug":"zima-w-ramzovej","status":"publish","type":"post","link":"https:\/\/wgphoto.pl\/t\/?p=12121","title":{"rendered":"Zima w Ramzovej"},"content":{"rendered":"\n<figure class=\"wp-block-image aligncenter size-full\"><img loading=\"lazy\" decoding=\"async\" width=\"900\" height=\"601\" src=\"https:\/\/wgphoto.pl\/t\/wp-content\/uploads\/2025\/02\/imgp1894.jpg\" alt=\"\" class=\"wp-image-12122\" srcset=\"https:\/\/wgphoto.pl\/t\/wp-content\/uploads\/2025\/02\/imgp1894.jpg 900w, https:\/\/wgphoto.pl\/t\/wp-content\/uploads\/2025\/02\/imgp1894-300x200.jpg 300w, https:\/\/wgphoto.pl\/t\/wp-content\/uploads\/2025\/02\/imgp1894-768x513.jpg 768w\" sizes=\"auto, (max-width: 900px) 100vw, 900px\" \/><\/figure>\n\n\n\n<div class=\"wp-block-group has-global-padding is-layout-constrained wp-block-group-is-layout-constrained\">\n<p>851 027-3 z poci\u0105giem przyspieszonym 1704 rel. Jesen\u00edk &#8211; Z\u00e1b\u0159eh na Morav\u011b zatrzymuje si\u0119 w Ramzovej, by zabra\u0107 na pok\u0142ad grup\u0119 narciarzy. 2010-02-14<\/p>\n<\/div>\n","protected":false},"excerpt":{"rendered":"<p>851 027-3 z poci\u0105giem przyspieszonym 1704 rel. Jesen\u00edk &#8211; Z\u00e1b\u0159eh na Morav\u011b zatrzymuje si\u0119 w Ramzovej, by zabra\u0107 na pok\u0142ad grup\u0119 narciarzy. 2010-02-14<\/p>\n","protected":false},"author":1,"featured_media":12122,"comment_status":"open","ping_status":"","sticky":false,"template":"","format":"standard","meta":{"footnotes":""},"categories":[2,86],"tags":[913,285,50,49,151,912,44,167],"class_list":["post-12121","post","type-post","status-publish","format-standard","has-post-thumbnail","hentry","category-kolej","category-rok-2010","tag-2010-02-14","tag-285","tag-cd","tag-czechy","tag-ludzie","tag-ramzova","tag-snieg","tag-tab-cz292"],"_links":{"self":[{"href":"https:\/\/wgphoto.pl\/t\/index.php?rest_route=\/wp\/v2\/posts\/12121","targetHints":{"allow":["GET"]}}],"collection":[{"href":"https:\/\/wgphoto.pl\/t\/index.php?rest_route=\/wp\/v2\/posts"}],"about":[{"href":"https:\/\/wgphoto.pl\/t\/index.php?rest_route=\/wp\/v2\/types\/post"}],"author":[{"embeddable":true,"href":"https:\/\/wgphoto.pl\/t\/index.php?rest_route=\/wp\/v2\/users\/1"}],"replies":[{"embeddable":true,"href":"https:\/\/wgphoto.pl\/t\/index.php?rest_route=%2Fwp%2Fv2%2Fcomments&post=12121"}],"version-history":[{"count":1,"href":"https:\/\/wgphoto.pl\/t\/index.php?rest_route=\/wp\/v2\/posts\/12121\/revisions"}],"predecessor-version":[{"id":12123,"href":"https:\/\/wgphoto.pl\/t\/index.php?rest_route=\/wp\/v2\/posts\/12121\/revisions\/12123"}],"wp:featuredmedia":[{"embeddable":true,"href":"https:\/\/wgphoto.pl\/t\/index.php?rest_route=\/wp\/v2\/media\/12122"}],"wp:attachment":[{"href":"https:\/\/wgphoto.pl\/t\/index.php?rest_route=%2Fwp%2Fv2%2Fmedia&parent=12121"}],"wp:term":[{"taxonomy":"category","embeddable":true,"href":"https:\/\/wgphoto.pl\/t\/index.php?rest_route=%2Fwp%2Fv2%2Fcategories&post=12121"},{"taxonomy":"post_tag","embeddable":true,"href":"https:\/\/wgphoto.pl\/t\/index.php?rest_route=%2Fwp%2Fv2%2Ftags&post=12121"}],"curies":[{"name":"wp","href":"https:\/\/api.w.org\/{rel}","templated":true}]}}