{"id":12127,"date":"2025-02-14T17:17:20","date_gmt":"2025-02-14T16:17:20","guid":{"rendered":"https:\/\/wgphoto.pl\/t\/?p=12127"},"modified":"2025-02-14T17:17:20","modified_gmt":"2025-02-14T16:17:20","slug":"t2-nr-1819","status":"publish","type":"post","link":"https:\/\/wgphoto.pl\/t\/?p=12127","title":{"rendered":"T2 nr 18+19"},"content":{"rendered":"\n<figure class=\"wp-block-image aligncenter size-full\"><img loading=\"lazy\" decoding=\"async\" width=\"900\" height=\"600\" src=\"https:\/\/wgphoto.pl\/t\/wp-content\/uploads\/2025\/02\/imgp1171-09.jpg\" alt=\"\" class=\"wp-image-12128\" srcset=\"https:\/\/wgphoto.pl\/t\/wp-content\/uploads\/2025\/02\/imgp1171-09.jpg 900w, https:\/\/wgphoto.pl\/t\/wp-content\/uploads\/2025\/02\/imgp1171-09-300x200.jpg 300w, https:\/\/wgphoto.pl\/t\/wp-content\/uploads\/2025\/02\/imgp1171-09-768x512.jpg 768w\" sizes=\"auto, (max-width: 900px) 100vw, 900px\" \/><\/figure>\n\n\n\n<div class=\"wp-block-group has-global-padding is-layout-constrained wp-block-group-is-layout-constrained\">\n<p>Jablonec nad Nisou. Zestaw T2R 18+19, jeden z dw\u00f3ch ostatnich sk\u0142ad\u00f3w tego typu w regularnym ruchu pasa\u017cerskim (w skali \u015bwiata \ud83d\ude09 ), cho\u0107 s\u0142abo to na zdj\u0119ciu wida\u0107 &#8211; przeje\u017cd\u017ca w\u0142a\u015bnie mostem nad Nys\u0105 \u0141u\u017cyck\u0105 i za moment, zwolniwszy odcinek jednotorowy, wjedzie na ko\u0144cow\u0105 p\u0119tl\u0119 podmiejskiej linii z Liberca. Pierwszy w\u00f3z w roku wykonania zdj\u0119cia \u015bwi\u0119towa\u0142 p\u00f3\u0142wiecze, drugi ten jubileusz obchodzi w roku obecnym; oba dzielnie s\u0142u\u017c\u0105 do dzi\u015b (opis z 2012). 28.12.2009<\/p>\n<\/div>\n","protected":false},"excerpt":{"rendered":"<p>Jablonec nad Nisou. Zestaw T2R 18+19, jeden z dw\u00f3ch ostatnich sk\u0142ad\u00f3w tego typu w regularnym ruchu pasa\u017cerskim (w skali \u015bwiata \ud83d\ude09 ), cho\u0107 s\u0142abo to na zdj\u0119ciu wida\u0107 &#8211; przeje\u017cd\u017ca w\u0142a\u015bnie mostem nad Nys\u0105 \u0141u\u017cyck\u0105 i za moment, zwolniwszy odcinek jednotorowy, wjedzie na ko\u0144cow\u0105 p\u0119tl\u0119 podmiejskiej linii z Liberca. Pierwszy w\u00f3z w roku wykonania zdj\u0119cia [&hellip;]<\/p>\n","protected":false},"author":1,"featured_media":12128,"comment_status":"open","ping_status":"","sticky":false,"template":"","format":"standard","meta":{"footnotes":""},"categories":[169,3],"tags":[874,49,875,876,44,3188,561],"class_list":["post-12127","post","type-post","status-publish","format-standard","has-post-thumbnail","hentry","category-rok-2009","category-tramwaj","tag-2009-12-28","tag-czechy","tag-dpmlj-liberec","tag-jablonec-nad-nisou","tag-snieg","tag-tatra-t2","tag-tramwaj-podmiejski"],"_links":{"self":[{"href":"https:\/\/wgphoto.pl\/t\/index.php?rest_route=\/wp\/v2\/posts\/12127","targetHints":{"allow":["GET"]}}],"collection":[{"href":"https:\/\/wgphoto.pl\/t\/index.php?rest_route=\/wp\/v2\/posts"}],"about":[{"href":"https:\/\/wgphoto.pl\/t\/index.php?rest_route=\/wp\/v2\/types\/post"}],"author":[{"embeddable":true,"href":"https:\/\/wgphoto.pl\/t\/index.php?rest_route=\/wp\/v2\/users\/1"}],"replies":[{"embeddable":true,"href":"https:\/\/wgphoto.pl\/t\/index.php?rest_route=%2Fwp%2Fv2%2Fcomments&post=12127"}],"version-history":[{"count":1,"href":"https:\/\/wgphoto.pl\/t\/index.php?rest_route=\/wp\/v2\/posts\/12127\/revisions"}],"predecessor-version":[{"id":12129,"href":"https:\/\/wgphoto.pl\/t\/index.php?rest_route=\/wp\/v2\/posts\/12127\/revisions\/12129"}],"wp:featuredmedia":[{"embeddable":true,"href":"https:\/\/wgphoto.pl\/t\/index.php?rest_route=\/wp\/v2\/media\/12128"}],"wp:attachment":[{"href":"https:\/\/wgphoto.pl\/t\/index.php?rest_route=%2Fwp%2Fv2%2Fmedia&parent=12127"}],"wp:term":[{"taxonomy":"category","embeddable":true,"href":"https:\/\/wgphoto.pl\/t\/index.php?rest_route=%2Fwp%2Fv2%2Fcategories&post=12127"},{"taxonomy":"post_tag","embeddable":true,"href":"https:\/\/wgphoto.pl\/t\/index.php?rest_route=%2Fwp%2Fv2%2Ftags&post=12127"}],"curies":[{"name":"wp","href":"https:\/\/api.w.org\/{rel}","templated":true}]}}