{"id":12136,"date":"2025-02-14T17:22:59","date_gmt":"2025-02-14T16:22:59","guid":{"rendered":"https:\/\/wgphoto.pl\/t\/?p=12136"},"modified":"2025-02-14T17:22:59","modified_gmt":"2025-02-14T16:22:59","slug":"st43-227-wjezdza-do-szczawnego","status":"publish","type":"post","link":"https:\/\/wgphoto.pl\/t\/?p=12136","title":{"rendered":"ST43-227 wje\u017cd\u017ca do Szczawnego"},"content":{"rendered":"\n<figure class=\"wp-block-image aligncenter size-full\"><img loading=\"lazy\" decoding=\"async\" width=\"900\" height=\"600\" src=\"https:\/\/wgphoto.pl\/t\/wp-content\/uploads\/2025\/02\/imgp5061.jpg\" alt=\"\" class=\"wp-image-12137\" srcset=\"https:\/\/wgphoto.pl\/t\/wp-content\/uploads\/2025\/02\/imgp5061.jpg 900w, https:\/\/wgphoto.pl\/t\/wp-content\/uploads\/2025\/02\/imgp5061-300x200.jpg 300w, https:\/\/wgphoto.pl\/t\/wp-content\/uploads\/2025\/02\/imgp5061-768x512.jpg 768w\" sizes=\"auto, (max-width: 900px) 100vw, 900px\" \/><\/figure>\n\n\n\n<div class=\"wp-block-group has-global-padding is-layout-constrained wp-block-group-is-layout-constrained\">\n<p>ST43-227 z kontenerami wje\u017cd\u017ca na boczny tor stacyjki Szczawne-Kulaszne celem krzy\u017cowania z popo\u0142udniowym osobowym do \u0141upkowa. 23.07.2010<\/p>\n<\/div>\n","protected":false},"excerpt":{"rendered":"<p>ST43-227 z kontenerami wje\u017cd\u017ca na boczny tor stacyjki Szczawne-Kulaszne celem krzy\u017cowania z popo\u0142udniowym osobowym do \u0141upkowa. 23.07.2010<\/p>\n","protected":false},"author":1,"featured_media":12137,"comment_status":"open","ping_status":"","sticky":false,"template":"","format":"standard","meta":{"footnotes":""},"categories":[2,86],"tags":[1052,63,341,27,64,53,723,344],"class_list":["post-12136","post","type-post","status-publish","format-standard","has-post-thumbnail","hentry","category-kolej","category-rok-2010","tag-2010-07-23","tag-pkp","tag-podkarpacie-2010","tag-polska","tag-st43","tag-sygnalizacja-ksztaltowa","tag-szczawne-kulaszne","tag-tab-pl134"],"_links":{"self":[{"href":"https:\/\/wgphoto.pl\/t\/index.php?rest_route=\/wp\/v2\/posts\/12136","targetHints":{"allow":["GET"]}}],"collection":[{"href":"https:\/\/wgphoto.pl\/t\/index.php?rest_route=\/wp\/v2\/posts"}],"about":[{"href":"https:\/\/wgphoto.pl\/t\/index.php?rest_route=\/wp\/v2\/types\/post"}],"author":[{"embeddable":true,"href":"https:\/\/wgphoto.pl\/t\/index.php?rest_route=\/wp\/v2\/users\/1"}],"replies":[{"embeddable":true,"href":"https:\/\/wgphoto.pl\/t\/index.php?rest_route=%2Fwp%2Fv2%2Fcomments&post=12136"}],"version-history":[{"count":1,"href":"https:\/\/wgphoto.pl\/t\/index.php?rest_route=\/wp\/v2\/posts\/12136\/revisions"}],"predecessor-version":[{"id":12138,"href":"https:\/\/wgphoto.pl\/t\/index.php?rest_route=\/wp\/v2\/posts\/12136\/revisions\/12138"}],"wp:featuredmedia":[{"embeddable":true,"href":"https:\/\/wgphoto.pl\/t\/index.php?rest_route=\/wp\/v2\/media\/12137"}],"wp:attachment":[{"href":"https:\/\/wgphoto.pl\/t\/index.php?rest_route=%2Fwp%2Fv2%2Fmedia&parent=12136"}],"wp:term":[{"taxonomy":"category","embeddable":true,"href":"https:\/\/wgphoto.pl\/t\/index.php?rest_route=%2Fwp%2Fv2%2Fcategories&post=12136"},{"taxonomy":"post_tag","embeddable":true,"href":"https:\/\/wgphoto.pl\/t\/index.php?rest_route=%2Fwp%2Fv2%2Ftags&post=12136"}],"curies":[{"name":"wp","href":"https:\/\/api.w.org\/{rel}","templated":true}]}}