{"id":1214,"date":"2024-10-02T20:04:49","date_gmt":"2024-10-02T18:04:49","guid":{"rendered":"https:\/\/wgphoto.pl\/t\/?p=1214"},"modified":"2024-10-02T20:04:49","modified_gmt":"2024-10-02T18:04:49","slug":"morawski-landszaft-z-pociagiem","status":"publish","type":"post","link":"https:\/\/wgphoto.pl\/t\/?p=1214","title":{"rendered":"Morawski landszaft z poci\u0105giem"},"content":{"rendered":"\n<figure class=\"wp-block-image aligncenter size-full\"><img loading=\"lazy\" decoding=\"async\" width=\"1300\" height=\"861\" src=\"https:\/\/wgphoto.pl\/t\/wp-content\/uploads\/2024\/10\/IMGP8793.jpg\" alt=\"\" class=\"wp-image-1215\" srcset=\"https:\/\/wgphoto.pl\/t\/wp-content\/uploads\/2024\/10\/IMGP8793.jpg 1300w, https:\/\/wgphoto.pl\/t\/wp-content\/uploads\/2024\/10\/IMGP8793-300x199.jpg 300w, https:\/\/wgphoto.pl\/t\/wp-content\/uploads\/2024\/10\/IMGP8793-768x509.jpg 768w\" sizes=\"auto, (max-width: 1300px) 100vw, 1300px\" \/><\/figure>\n\n\n\n<div class=\"wp-block-group has-global-padding is-layout-constrained wp-block-group-is-layout-constrained\">\n<p>854.218 z poci\u0105giem osobowym 4514 B\u0159eclav &#8211; Znojmo przemierza rozgrzane upalnym s\u0142o\u0144cem morawskie pola i winnice na odcinku Dobr\u00e9 Pole &#8211; Novosedly. W tle po prawej wida\u0107 charakterystyczne zabudowania Mikulova. [17.08.2024]<\/p>\n<\/div>\n","protected":false},"excerpt":{"rendered":"<p>854.218 z poci\u0105giem osobowym 4514 B\u0159eclav &#8211; Znojmo przemierza rozgrzane upalnym s\u0142o\u0144cem morawskie pola i winnice na odcinku Dobr\u00e9 Pole &#8211; Novosedly. W tle po prawej wida\u0107 charakterystyczne zabudowania Mikulova. [17.08.2024]<\/p>\n","protected":false},"author":1,"featured_media":1215,"comment_status":"open","ping_status":"","sticky":false,"template":"","format":"standard","meta":{"footnotes":""},"categories":[2,5],"tags":[556,552,50,49,555,113,553,554,339],"class_list":["post-1214","post","type-post","status-publish","format-standard","has-post-thumbnail","hentry","category-kolej","category-2024r","tag-2024-08-17","tag-552","tag-cd","tag-czechy","tag-dobre-pole","tag-landszaft","tag-morawy-2024","tag-novosedly","tag-tab-cz246"],"_links":{"self":[{"href":"https:\/\/wgphoto.pl\/t\/index.php?rest_route=\/wp\/v2\/posts\/1214","targetHints":{"allow":["GET"]}}],"collection":[{"href":"https:\/\/wgphoto.pl\/t\/index.php?rest_route=\/wp\/v2\/posts"}],"about":[{"href":"https:\/\/wgphoto.pl\/t\/index.php?rest_route=\/wp\/v2\/types\/post"}],"author":[{"embeddable":true,"href":"https:\/\/wgphoto.pl\/t\/index.php?rest_route=\/wp\/v2\/users\/1"}],"replies":[{"embeddable":true,"href":"https:\/\/wgphoto.pl\/t\/index.php?rest_route=%2Fwp%2Fv2%2Fcomments&post=1214"}],"version-history":[{"count":1,"href":"https:\/\/wgphoto.pl\/t\/index.php?rest_route=\/wp\/v2\/posts\/1214\/revisions"}],"predecessor-version":[{"id":1216,"href":"https:\/\/wgphoto.pl\/t\/index.php?rest_route=\/wp\/v2\/posts\/1214\/revisions\/1216"}],"wp:featuredmedia":[{"embeddable":true,"href":"https:\/\/wgphoto.pl\/t\/index.php?rest_route=\/wp\/v2\/media\/1215"}],"wp:attachment":[{"href":"https:\/\/wgphoto.pl\/t\/index.php?rest_route=%2Fwp%2Fv2%2Fmedia&parent=1214"}],"wp:term":[{"taxonomy":"category","embeddable":true,"href":"https:\/\/wgphoto.pl\/t\/index.php?rest_route=%2Fwp%2Fv2%2Fcategories&post=1214"},{"taxonomy":"post_tag","embeddable":true,"href":"https:\/\/wgphoto.pl\/t\/index.php?rest_route=%2Fwp%2Fv2%2Ftags&post=1214"}],"curies":[{"name":"wp","href":"https:\/\/api.w.org\/{rel}","templated":true}]}}