{"id":12142,"date":"2025-02-14T17:24:39","date_gmt":"2025-02-14T16:24:39","guid":{"rendered":"https:\/\/wgphoto.pl\/t\/?p=12142"},"modified":"2025-02-14T17:24:39","modified_gmt":"2025-02-14T16:24:39","slug":"su42-506-ustrzyki-dolne","status":"publish","type":"post","link":"https:\/\/wgphoto.pl\/t\/?p=12142","title":{"rendered":"SU42-506, Ustrzyki Dolne"},"content":{"rendered":"\n<figure class=\"wp-block-image aligncenter size-full\"><img loading=\"lazy\" decoding=\"async\" width=\"1300\" height=\"870\" src=\"https:\/\/wgphoto.pl\/t\/wp-content\/uploads\/2025\/02\/imgp4852.jpg\" alt=\"\" class=\"wp-image-12143\" srcset=\"https:\/\/wgphoto.pl\/t\/wp-content\/uploads\/2025\/02\/imgp4852.jpg 1300w, https:\/\/wgphoto.pl\/t\/wp-content\/uploads\/2025\/02\/imgp4852-300x201.jpg 300w, https:\/\/wgphoto.pl\/t\/wp-content\/uploads\/2025\/02\/imgp4852-768x514.jpg 768w\" sizes=\"auto, (max-width: 1300px) 100vw, 1300px\" \/><\/figure>\n\n\n\n<div class=\"wp-block-group has-global-padding is-layout-constrained wp-block-group-is-layout-constrained\">\n<p>Mi\u0119dzynarodowy poci\u0105g osobowy 7921 relacji Sanok &#8211; Chyr\u00f3w zatrzymuje si\u0119 przy peronie stacji w Ustrzykach Dolnych. 2010-07-22<\/p>\n<\/div>\n","protected":false},"excerpt":{"rendered":"<p>Mi\u0119dzynarodowy poci\u0105g osobowy 7921 relacji Sanok &#8211; Chyr\u00f3w zatrzymuje si\u0119 przy peronie stacji w Ustrzykach Dolnych. 2010-07-22<\/p>\n","protected":false},"author":1,"featured_media":12143,"comment_status":"open","ping_status":"","sticky":false,"template":"","format":"standard","meta":{"footnotes":""},"categories":[2,86],"tags":[345,63,341,27,250,3189,3190],"class_list":["post-12142","post","type-post","status-publish","format-standard","has-post-thumbnail","hentry","category-kolej","category-rok-2010","tag-2010-07-22","tag-pkp","tag-podkarpacie-2010","tag-polska","tag-su42","tag-tab-pl133","tag-ustrzyki-dolne"],"_links":{"self":[{"href":"https:\/\/wgphoto.pl\/t\/index.php?rest_route=\/wp\/v2\/posts\/12142","targetHints":{"allow":["GET"]}}],"collection":[{"href":"https:\/\/wgphoto.pl\/t\/index.php?rest_route=\/wp\/v2\/posts"}],"about":[{"href":"https:\/\/wgphoto.pl\/t\/index.php?rest_route=\/wp\/v2\/types\/post"}],"author":[{"embeddable":true,"href":"https:\/\/wgphoto.pl\/t\/index.php?rest_route=\/wp\/v2\/users\/1"}],"replies":[{"embeddable":true,"href":"https:\/\/wgphoto.pl\/t\/index.php?rest_route=%2Fwp%2Fv2%2Fcomments&post=12142"}],"version-history":[{"count":1,"href":"https:\/\/wgphoto.pl\/t\/index.php?rest_route=\/wp\/v2\/posts\/12142\/revisions"}],"predecessor-version":[{"id":12144,"href":"https:\/\/wgphoto.pl\/t\/index.php?rest_route=\/wp\/v2\/posts\/12142\/revisions\/12144"}],"wp:featuredmedia":[{"embeddable":true,"href":"https:\/\/wgphoto.pl\/t\/index.php?rest_route=\/wp\/v2\/media\/12143"}],"wp:attachment":[{"href":"https:\/\/wgphoto.pl\/t\/index.php?rest_route=%2Fwp%2Fv2%2Fmedia&parent=12142"}],"wp:term":[{"taxonomy":"category","embeddable":true,"href":"https:\/\/wgphoto.pl\/t\/index.php?rest_route=%2Fwp%2Fv2%2Fcategories&post=12142"},{"taxonomy":"post_tag","embeddable":true,"href":"https:\/\/wgphoto.pl\/t\/index.php?rest_route=%2Fwp%2Fv2%2Ftags&post=12142"}],"curies":[{"name":"wp","href":"https:\/\/api.w.org\/{rel}","templated":true}]}}