{"id":12155,"date":"2025-02-14T17:30:10","date_gmt":"2025-02-14T16:30:10","guid":{"rendered":"https:\/\/wgphoto.pl\/t\/?p=12155"},"modified":"2025-02-14T17:31:29","modified_gmt":"2025-02-14T16:31:29","slug":"bn-pcc-7700-nr-7717","status":"publish","type":"post","link":"https:\/\/wgphoto.pl\/t\/?p=12155","title":{"rendered":"BN PCC 7700 nr 7717"},"content":{"rendered":"\n<figure class=\"wp-block-image aligncenter size-full\"><img loading=\"lazy\" decoding=\"async\" width=\"1200\" height=\"803\" src=\"https:\/\/wgphoto.pl\/t\/wp-content\/uploads\/2025\/02\/imgp3604.jpg\" alt=\"\" class=\"wp-image-12156\" srcset=\"https:\/\/wgphoto.pl\/t\/wp-content\/uploads\/2025\/02\/imgp3604.jpg 1200w, https:\/\/wgphoto.pl\/t\/wp-content\/uploads\/2025\/02\/imgp3604-300x201.jpg 300w, https:\/\/wgphoto.pl\/t\/wp-content\/uploads\/2025\/02\/imgp3604-768x514.jpg 768w\" sizes=\"auto, (max-width: 1200px) 100vw, 1200px\" \/><\/figure>\n\n\n\n<div class=\"wp-block-group has-global-padding is-layout-constrained wp-block-group-is-layout-constrained\">\n<p>Belgijska dwukierunkowa &#8222;stodw\u00f3jka&#8221; zatrzyma\u0142a si\u0119 na przystanku na placu Eug\u00e8ne Verboekhoven, gdzie tramwaje, auta, rowerzy\u015bci oraz piesi poruszaj\u0105 si\u0119 po rondzie, kt\u00f3re na \u015brodku ma dziur\u0119, wewn\u0105trz kt\u00f3rej mo\u017cna obserwowa\u0107 przeje\u017cd\u017caj\u0105ce pod placem poci\u0105gi.<br>Skoro przystanek zlokalizowano na lewym \u0142uku, a tramwaj posiada drzwi tak\u017ce z lewej strony &#8211; czemu tego nie wykorzysta\u0107 dla lepszej obserwacji wsiadaj\u0105cych pasa\u017cer\u00f3w? To rozwi\u0105zanie ma jedn\u0105 wad\u0119, kt\u00f3ra niechc\u0105cy doskonale ujawni\u0142a si\u0119 na zdj\u0119ciu: przepa\u015b\u0107 mi\u0119dzy peronem a drzwiami na skosie. Inna sprawa, \u017ce kraw\u0119d\u017a peronowa nie znajduje si\u0119 jako\u015b szczeg\u00f3lnie blisko osi toru. 17.05.2010<\/p>\n<\/div>\n","protected":false},"excerpt":{"rendered":"<p>Belgijska dwukierunkowa &#8222;stodw\u00f3jka&#8221; zatrzyma\u0142a si\u0119 na przystanku na placu Eug\u00e8ne Verboekhoven, gdzie tramwaje, auta, rowerzy\u015bci oraz piesi poruszaj\u0105 si\u0119 po rondzie, kt\u00f3re na \u015brodku ma dziur\u0119, wewn\u0105trz kt\u00f3rej mo\u017cna obserwowa\u0107 przeje\u017cd\u017caj\u0105ce pod placem poci\u0105gi.Skoro przystanek zlokalizowano na lewym \u0142uku, a tramwaj posiada drzwi tak\u017ce z lewej strony &#8211; czemu tego nie wykorzysta\u0107 dla lepszej obserwacji [&hellip;]<\/p>\n","protected":false},"author":1,"featured_media":12156,"comment_status":"open","ping_status":"","sticky":false,"template":"","format":"standard","meta":{"footnotes":""},"categories":[86,3],"tags":[749,34,695,692,230,173,694,693],"class_list":["post-12155","post","type-post","status-publish","format-standard","has-post-thumbnail","hentry","category-rok-2010","category-tramwaj","tag-2010-05-17","tag-architektura","tag-belgia","tag-bruksela","tag-infrastruktura","tag-koncowki","tag-pcc","tag-stib-mivb-bruxelles"],"_links":{"self":[{"href":"https:\/\/wgphoto.pl\/t\/index.php?rest_route=\/wp\/v2\/posts\/12155","targetHints":{"allow":["GET"]}}],"collection":[{"href":"https:\/\/wgphoto.pl\/t\/index.php?rest_route=\/wp\/v2\/posts"}],"about":[{"href":"https:\/\/wgphoto.pl\/t\/index.php?rest_route=\/wp\/v2\/types\/post"}],"author":[{"embeddable":true,"href":"https:\/\/wgphoto.pl\/t\/index.php?rest_route=\/wp\/v2\/users\/1"}],"replies":[{"embeddable":true,"href":"https:\/\/wgphoto.pl\/t\/index.php?rest_route=%2Fwp%2Fv2%2Fcomments&post=12155"}],"version-history":[{"count":1,"href":"https:\/\/wgphoto.pl\/t\/index.php?rest_route=\/wp\/v2\/posts\/12155\/revisions"}],"predecessor-version":[{"id":12157,"href":"https:\/\/wgphoto.pl\/t\/index.php?rest_route=\/wp\/v2\/posts\/12155\/revisions\/12157"}],"wp:featuredmedia":[{"embeddable":true,"href":"https:\/\/wgphoto.pl\/t\/index.php?rest_route=\/wp\/v2\/media\/12156"}],"wp:attachment":[{"href":"https:\/\/wgphoto.pl\/t\/index.php?rest_route=%2Fwp%2Fv2%2Fmedia&parent=12155"}],"wp:term":[{"taxonomy":"category","embeddable":true,"href":"https:\/\/wgphoto.pl\/t\/index.php?rest_route=%2Fwp%2Fv2%2Fcategories&post=12155"},{"taxonomy":"post_tag","embeddable":true,"href":"https:\/\/wgphoto.pl\/t\/index.php?rest_route=%2Fwp%2Fv2%2Ftags&post=12155"}],"curies":[{"name":"wp","href":"https:\/\/api.w.org\/{rel}","templated":true}]}}