{"id":12158,"date":"2025-02-14T17:31:11","date_gmt":"2025-02-14T16:31:11","guid":{"rendered":"https:\/\/wgphoto.pl\/t\/?p=12158"},"modified":"2025-02-14T17:31:11","modified_gmt":"2025-02-14T16:31:11","slug":"atomium","status":"publish","type":"post","link":"https:\/\/wgphoto.pl\/t\/?p=12158","title":{"rendered":"Atomium"},"content":{"rendered":"\n<figure class=\"wp-block-image aligncenter size-full\"><img loading=\"lazy\" decoding=\"async\" width=\"1200\" height=\"800\" src=\"https:\/\/wgphoto.pl\/t\/wp-content\/uploads\/2025\/02\/imgp3581-10.jpg\" alt=\"\" class=\"wp-image-12159\" srcset=\"https:\/\/wgphoto.pl\/t\/wp-content\/uploads\/2025\/02\/imgp3581-10.jpg 1200w, https:\/\/wgphoto.pl\/t\/wp-content\/uploads\/2025\/02\/imgp3581-10-300x200.jpg 300w, https:\/\/wgphoto.pl\/t\/wp-content\/uploads\/2025\/02\/imgp3581-10-768x512.jpg 768w\" sizes=\"auto, (max-width: 1200px) 100vw, 1200px\" \/><\/figure>\n\n\n\n<div class=\"wp-block-group has-global-padding is-layout-constrained wp-block-group-is-layout-constrained\">\n<p>Belgijska dwukierunkowa &#8222;stodw\u00f3jka&#8221; typu BN PCC 7700 nr 7780 wykr\u0119ca z Sobieskilaan w Heizelstraat, przeje\u017cd\u017caj\u0105c nieopodal Atomium. 17.05.2010<\/p>\n<\/div>\n","protected":false},"excerpt":{"rendered":"<p>Belgijska dwukierunkowa &#8222;stodw\u00f3jka&#8221; typu BN PCC 7700 nr 7780 wykr\u0119ca z Sobieskilaan w Heizelstraat, przeje\u017cd\u017caj\u0105c nieopodal Atomium. 17.05.2010<\/p>\n","protected":false},"author":1,"featured_media":12159,"comment_status":"open","ping_status":"","sticky":false,"template":"","format":"standard","meta":{"footnotes":""},"categories":[86,3],"tags":[749,34,695,692,694,693],"class_list":["post-12158","post","type-post","status-publish","format-standard","has-post-thumbnail","hentry","category-rok-2010","category-tramwaj","tag-2010-05-17","tag-architektura","tag-belgia","tag-bruksela","tag-pcc","tag-stib-mivb-bruxelles"],"_links":{"self":[{"href":"https:\/\/wgphoto.pl\/t\/index.php?rest_route=\/wp\/v2\/posts\/12158","targetHints":{"allow":["GET"]}}],"collection":[{"href":"https:\/\/wgphoto.pl\/t\/index.php?rest_route=\/wp\/v2\/posts"}],"about":[{"href":"https:\/\/wgphoto.pl\/t\/index.php?rest_route=\/wp\/v2\/types\/post"}],"author":[{"embeddable":true,"href":"https:\/\/wgphoto.pl\/t\/index.php?rest_route=\/wp\/v2\/users\/1"}],"replies":[{"embeddable":true,"href":"https:\/\/wgphoto.pl\/t\/index.php?rest_route=%2Fwp%2Fv2%2Fcomments&post=12158"}],"version-history":[{"count":1,"href":"https:\/\/wgphoto.pl\/t\/index.php?rest_route=\/wp\/v2\/posts\/12158\/revisions"}],"predecessor-version":[{"id":12160,"href":"https:\/\/wgphoto.pl\/t\/index.php?rest_route=\/wp\/v2\/posts\/12158\/revisions\/12160"}],"wp:featuredmedia":[{"embeddable":true,"href":"https:\/\/wgphoto.pl\/t\/index.php?rest_route=\/wp\/v2\/media\/12159"}],"wp:attachment":[{"href":"https:\/\/wgphoto.pl\/t\/index.php?rest_route=%2Fwp%2Fv2%2Fmedia&parent=12158"}],"wp:term":[{"taxonomy":"category","embeddable":true,"href":"https:\/\/wgphoto.pl\/t\/index.php?rest_route=%2Fwp%2Fv2%2Fcategories&post=12158"},{"taxonomy":"post_tag","embeddable":true,"href":"https:\/\/wgphoto.pl\/t\/index.php?rest_route=%2Fwp%2Fv2%2Ftags&post=12158"}],"curies":[{"name":"wp","href":"https:\/\/api.w.org\/{rel}","templated":true}]}}