{"id":12167,"date":"2025-02-14T17:34:58","date_gmt":"2025-02-14T16:34:58","guid":{"rendered":"https:\/\/wgphoto.pl\/t\/?p=12167"},"modified":"2025-02-14T17:34:58","modified_gmt":"2025-02-14T16:34:58","slug":"sachsentram-hermelijn-nr-6339","status":"publish","type":"post","link":"https:\/\/wgphoto.pl\/t\/?p=12167","title":{"rendered":"SachsenTram HermeLijn nr 6339"},"content":{"rendered":"\n<figure class=\"wp-block-image aligncenter size-full\"><img loading=\"lazy\" decoding=\"async\" width=\"900\" height=\"600\" src=\"https:\/\/wgphoto.pl\/t\/wp-content\/uploads\/2025\/02\/imgp3391.jpg\" alt=\"\" class=\"wp-image-12168\" srcset=\"https:\/\/wgphoto.pl\/t\/wp-content\/uploads\/2025\/02\/imgp3391.jpg 900w, https:\/\/wgphoto.pl\/t\/wp-content\/uploads\/2025\/02\/imgp3391-300x200.jpg 300w, https:\/\/wgphoto.pl\/t\/wp-content\/uploads\/2025\/02\/imgp3391-768x512.jpg 768w\" sizes=\"auto, (max-width: 900px) 100vw, 900px\" \/><\/figure>\n\n\n\n<div class=\"wp-block-group has-global-padding is-layout-constrained wp-block-group-is-layout-constrained\">\n<p>Gandawa, Maaltebruggestraat. Tramwaj linii 1 w drodze na tereny Expo. Wagony dwukierunkowe maj\u0105 t\u0119 przyjemn\u0105 w\u0142asno\u015b\u0107, \u017ce mo\u017cna je fotografowa\u0107 od ty\u0142u. 2010-05-16<\/p>\n<\/div>\n","protected":false},"excerpt":{"rendered":"<p>Gandawa, Maaltebruggestraat. Tramwaj linii 1 w drodze na tereny Expo. Wagony dwukierunkowe maj\u0105 t\u0119 przyjemn\u0105 w\u0142asno\u015b\u0107, \u017ce mo\u017cna je fotografowa\u0107 od ty\u0142u. 2010-05-16<\/p>\n","protected":false},"author":1,"featured_media":12168,"comment_status":"open","ping_status":"","sticky":false,"template":"","format":"standard","meta":{"footnotes":""},"categories":[86,3],"tags":[815,695,1415,1218,853],"class_list":["post-12167","post","type-post","status-publish","format-standard","has-post-thumbnail","hentry","category-rok-2010","category-tramwaj","tag-2010-05-16","tag-belgia","tag-de-lijn","tag-gandawa","tag-sachsen-tram"],"_links":{"self":[{"href":"https:\/\/wgphoto.pl\/t\/index.php?rest_route=\/wp\/v2\/posts\/12167","targetHints":{"allow":["GET"]}}],"collection":[{"href":"https:\/\/wgphoto.pl\/t\/index.php?rest_route=\/wp\/v2\/posts"}],"about":[{"href":"https:\/\/wgphoto.pl\/t\/index.php?rest_route=\/wp\/v2\/types\/post"}],"author":[{"embeddable":true,"href":"https:\/\/wgphoto.pl\/t\/index.php?rest_route=\/wp\/v2\/users\/1"}],"replies":[{"embeddable":true,"href":"https:\/\/wgphoto.pl\/t\/index.php?rest_route=%2Fwp%2Fv2%2Fcomments&post=12167"}],"version-history":[{"count":1,"href":"https:\/\/wgphoto.pl\/t\/index.php?rest_route=\/wp\/v2\/posts\/12167\/revisions"}],"predecessor-version":[{"id":12169,"href":"https:\/\/wgphoto.pl\/t\/index.php?rest_route=\/wp\/v2\/posts\/12167\/revisions\/12169"}],"wp:featuredmedia":[{"embeddable":true,"href":"https:\/\/wgphoto.pl\/t\/index.php?rest_route=\/wp\/v2\/media\/12168"}],"wp:attachment":[{"href":"https:\/\/wgphoto.pl\/t\/index.php?rest_route=%2Fwp%2Fv2%2Fmedia&parent=12167"}],"wp:term":[{"taxonomy":"category","embeddable":true,"href":"https:\/\/wgphoto.pl\/t\/index.php?rest_route=%2Fwp%2Fv2%2Fcategories&post=12167"},{"taxonomy":"post_tag","embeddable":true,"href":"https:\/\/wgphoto.pl\/t\/index.php?rest_route=%2Fwp%2Fv2%2Ftags&post=12167"}],"curies":[{"name":"wp","href":"https:\/\/api.w.org\/{rel}","templated":true}]}}