{"id":12194,"date":"2025-02-14T17:48:09","date_gmt":"2025-02-14T16:48:09","guid":{"rendered":"https:\/\/wgphoto.pl\/t\/?p=12194"},"modified":"2025-02-14T17:48:09","modified_gmt":"2025-02-14T16:48:09","slug":"moscou","status":"publish","type":"post","link":"https:\/\/wgphoto.pl\/t\/?p=12194","title":{"rendered":"Moscou"},"content":{"rendered":"\n<figure class=\"wp-block-image aligncenter size-full\"><img loading=\"lazy\" decoding=\"async\" width=\"1200\" height=\"803\" src=\"https:\/\/wgphoto.pl\/t\/wp-content\/uploads\/2025\/02\/imgp3483-2.jpg\" alt=\"\" class=\"wp-image-12195\" srcset=\"https:\/\/wgphoto.pl\/t\/wp-content\/uploads\/2025\/02\/imgp3483-2.jpg 1200w, https:\/\/wgphoto.pl\/t\/wp-content\/uploads\/2025\/02\/imgp3483-2-300x201.jpg 300w, https:\/\/wgphoto.pl\/t\/wp-content\/uploads\/2025\/02\/imgp3483-2-768x514.jpg 768w\" sizes=\"auto, (max-width: 1200px) 100vw, 1200px\" \/><\/figure>\n\n\n\n<div class=\"wp-block-group has-global-padding is-layout-constrained wp-block-group-is-layout-constrained\">\n<p>Po\u0142udniowo-wschodni kraniec linii 4, kt\u00f3ry po polsku nazywa\u0142by si\u0119 Moskwa, posiada dwa perony o ciekawym, nie r\u00f3wnoleg\u0142ym uk\u0142adzie, a tak\u017ce r\u00f3wnie interesuj\u0105cy krzy\u017cowy rozjazd podw\u00f3jny ze zwrotnicami o jednej iglicy. 16.05.2010<\/p>\n<\/div>\n","protected":false},"excerpt":{"rendered":"<p>Po\u0142udniowo-wschodni kraniec linii 4, kt\u00f3ry po polsku nazywa\u0142by si\u0119 Moskwa, posiada dwa perony o ciekawym, nie r\u00f3wnoleg\u0142ym uk\u0142adzie, a tak\u017ce r\u00f3wnie interesuj\u0105cy krzy\u017cowy rozjazd podw\u00f3jny ze zwrotnicami o jednej iglicy. 16.05.2010<\/p>\n","protected":false},"author":1,"featured_media":12195,"comment_status":"open","ping_status":"","sticky":false,"template":"","format":"standard","meta":{"footnotes":""},"categories":[86,3],"tags":[815,695,1415,1218,230,853],"class_list":["post-12194","post","type-post","status-publish","format-standard","has-post-thumbnail","hentry","category-rok-2010","category-tramwaj","tag-2010-05-16","tag-belgia","tag-de-lijn","tag-gandawa","tag-infrastruktura","tag-sachsen-tram"],"_links":{"self":[{"href":"https:\/\/wgphoto.pl\/t\/index.php?rest_route=\/wp\/v2\/posts\/12194","targetHints":{"allow":["GET"]}}],"collection":[{"href":"https:\/\/wgphoto.pl\/t\/index.php?rest_route=\/wp\/v2\/posts"}],"about":[{"href":"https:\/\/wgphoto.pl\/t\/index.php?rest_route=\/wp\/v2\/types\/post"}],"author":[{"embeddable":true,"href":"https:\/\/wgphoto.pl\/t\/index.php?rest_route=\/wp\/v2\/users\/1"}],"replies":[{"embeddable":true,"href":"https:\/\/wgphoto.pl\/t\/index.php?rest_route=%2Fwp%2Fv2%2Fcomments&post=12194"}],"version-history":[{"count":1,"href":"https:\/\/wgphoto.pl\/t\/index.php?rest_route=\/wp\/v2\/posts\/12194\/revisions"}],"predecessor-version":[{"id":12196,"href":"https:\/\/wgphoto.pl\/t\/index.php?rest_route=\/wp\/v2\/posts\/12194\/revisions\/12196"}],"wp:featuredmedia":[{"embeddable":true,"href":"https:\/\/wgphoto.pl\/t\/index.php?rest_route=\/wp\/v2\/media\/12195"}],"wp:attachment":[{"href":"https:\/\/wgphoto.pl\/t\/index.php?rest_route=%2Fwp%2Fv2%2Fmedia&parent=12194"}],"wp:term":[{"taxonomy":"category","embeddable":true,"href":"https:\/\/wgphoto.pl\/t\/index.php?rest_route=%2Fwp%2Fv2%2Fcategories&post=12194"},{"taxonomy":"post_tag","embeddable":true,"href":"https:\/\/wgphoto.pl\/t\/index.php?rest_route=%2Fwp%2Fv2%2Ftags&post=12194"}],"curies":[{"name":"wp","href":"https:\/\/api.w.org\/{rel}","templated":true}]}}