{"id":12197,"date":"2025-02-14T17:49:03","date_gmt":"2025-02-14T16:49:03","guid":{"rendered":"https:\/\/wgphoto.pl\/t\/?p=12197"},"modified":"2025-02-14T17:49:03","modified_gmt":"2025-02-14T16:49:03","slug":"evergem","status":"publish","type":"post","link":"https:\/\/wgphoto.pl\/t\/?p=12197","title":{"rendered":"Evergem"},"content":{"rendered":"\n<figure class=\"wp-block-image aligncenter size-full\"><img loading=\"lazy\" decoding=\"async\" width=\"1200\" height=\"803\" src=\"https:\/\/wgphoto.pl\/t\/wp-content\/uploads\/2025\/02\/imgp3415.jpg\" alt=\"\" class=\"wp-image-12198\" srcset=\"https:\/\/wgphoto.pl\/t\/wp-content\/uploads\/2025\/02\/imgp3415.jpg 1200w, https:\/\/wgphoto.pl\/t\/wp-content\/uploads\/2025\/02\/imgp3415-300x201.jpg 300w, https:\/\/wgphoto.pl\/t\/wp-content\/uploads\/2025\/02\/imgp3415-768x514.jpg 768w\" sizes=\"auto, (max-width: 1200px) 100vw, 1200px\" \/><\/figure>\n\n\n\n<div class=\"wp-block-group has-global-padding is-layout-constrained wp-block-group-is-layout-constrained\">\n<p>Wagon 6338 w czasie operacji zmiany kierunku na p\u00f3\u0142nocnym kra\u0144cu linii 1. Dwutorowa trasa zamienia si\u0119 na ko\u0144cowym przystanku w jednotor &#8211; oto najprostszej budowy kraniec, wyposa\u017cony w tylko jeden rozjazd. Uwag\u0119 zwraca obszerny, kryty parking dla rower\u00f3w. 16.05.2010<\/p>\n<\/div>\n","protected":false},"excerpt":{"rendered":"<p>Wagon 6338 w czasie operacji zmiany kierunku na p\u00f3\u0142nocnym kra\u0144cu linii 1. Dwutorowa trasa zamienia si\u0119 na ko\u0144cowym przystanku w jednotor &#8211; oto najprostszej budowy kraniec, wyposa\u017cony w tylko jeden rozjazd. Uwag\u0119 zwraca obszerny, kryty parking dla rower\u00f3w. 16.05.2010<\/p>\n","protected":false},"author":1,"featured_media":12198,"comment_status":"open","ping_status":"","sticky":false,"template":"","format":"standard","meta":{"footnotes":""},"categories":[86,3],"tags":[815,695,1415,1218,173,853],"class_list":["post-12197","post","type-post","status-publish","format-standard","has-post-thumbnail","hentry","category-rok-2010","category-tramwaj","tag-2010-05-16","tag-belgia","tag-de-lijn","tag-gandawa","tag-koncowki","tag-sachsen-tram"],"_links":{"self":[{"href":"https:\/\/wgphoto.pl\/t\/index.php?rest_route=\/wp\/v2\/posts\/12197","targetHints":{"allow":["GET"]}}],"collection":[{"href":"https:\/\/wgphoto.pl\/t\/index.php?rest_route=\/wp\/v2\/posts"}],"about":[{"href":"https:\/\/wgphoto.pl\/t\/index.php?rest_route=\/wp\/v2\/types\/post"}],"author":[{"embeddable":true,"href":"https:\/\/wgphoto.pl\/t\/index.php?rest_route=\/wp\/v2\/users\/1"}],"replies":[{"embeddable":true,"href":"https:\/\/wgphoto.pl\/t\/index.php?rest_route=%2Fwp%2Fv2%2Fcomments&post=12197"}],"version-history":[{"count":1,"href":"https:\/\/wgphoto.pl\/t\/index.php?rest_route=\/wp\/v2\/posts\/12197\/revisions"}],"predecessor-version":[{"id":12199,"href":"https:\/\/wgphoto.pl\/t\/index.php?rest_route=\/wp\/v2\/posts\/12197\/revisions\/12199"}],"wp:featuredmedia":[{"embeddable":true,"href":"https:\/\/wgphoto.pl\/t\/index.php?rest_route=\/wp\/v2\/media\/12198"}],"wp:attachment":[{"href":"https:\/\/wgphoto.pl\/t\/index.php?rest_route=%2Fwp%2Fv2%2Fmedia&parent=12197"}],"wp:term":[{"taxonomy":"category","embeddable":true,"href":"https:\/\/wgphoto.pl\/t\/index.php?rest_route=%2Fwp%2Fv2%2Fcategories&post=12197"},{"taxonomy":"post_tag","embeddable":true,"href":"https:\/\/wgphoto.pl\/t\/index.php?rest_route=%2Fwp%2Fv2%2Ftags&post=12197"}],"curies":[{"name":"wp","href":"https:\/\/api.w.org\/{rel}","templated":true}]}}